{"id":14989,"date":"2026-03-10T11:45:57","date_gmt":"2026-03-10T14:45:57","guid":{"rendered":"https:\/\/carloswagner.jor.br\/blog\/?p=14989"},"modified":"2026-03-10T11:45:57","modified_gmt":"2026-03-10T14:45:57","slug":"os-cafes-e-as-rodas-de-chimarrao-no-interior-gaucho-e-os-casos-master-e-ira","status":"publish","type":"post","link":"https:\/\/carloswagner.jor.br\/blog\/2026\/03\/10\/os-cafes-e-as-rodas-de-chimarrao-no-interior-gaucho-e-os-casos-master-e-ira\/","title":{"rendered":"Os caf\u00e9s e as rodas de chimarr\u00e3o no interior ga\u00facho e os casos Master e Ir\u00e3"},"content":{"rendered":"<div class=\"wp-block-image\">\n<figure class=\"aligncenter size-full\"><img data-recalc-dims=\"1\" loading=\"lazy\" decoding=\"async\" width=\"640\" height=\"360\" data-attachment-id=\"14990\" data-permalink=\"https:\/\/carloswagner.jor.br\/blog\/2026\/03\/10\/os-cafes-e-as-rodas-de-chimarrao-no-interior-gaucho-e-os-casos-master-e-ira\/image-47\/\" data-orig-file=\"https:\/\/i0.wp.com\/carloswagner.jor.br\/blog\/wp-content\/uploads\/2026\/03\/image-2.png?fit=904%2C508&amp;ssl=1\" data-orig-size=\"904,508\" data-comments-opened=\"1\" data-image-meta=\"{&quot;aperture&quot;:&quot;0&quot;,&quot;credit&quot;:&quot;&quot;,&quot;camera&quot;:&quot;&quot;,&quot;caption&quot;:&quot;&quot;,&quot;created_timestamp&quot;:&quot;0&quot;,&quot;copyright&quot;:&quot;&quot;,&quot;focal_length&quot;:&quot;0&quot;,&quot;iso&quot;:&quot;0&quot;,&quot;shutter_speed&quot;:&quot;0&quot;,&quot;title&quot;:&quot;&quot;,&quot;orientation&quot;:&quot;0&quot;}\" data-image-title=\"image\" data-image-description=\"\" data-image-caption=\"\" data-large-file=\"https:\/\/i0.wp.com\/carloswagner.jor.br\/blog\/wp-content\/uploads\/2026\/03\/image-2.png?fit=640%2C360&amp;ssl=1\" src=\"https:\/\/i0.wp.com\/carloswagner.jor.br\/blog\/wp-content\/uploads\/2026\/03\/image-2.png?resize=640%2C360&#038;ssl=1\" alt=\"\" class=\"wp-image-14990\" srcset=\"https:\/\/i0.wp.com\/carloswagner.jor.br\/blog\/wp-content\/uploads\/2026\/03\/image-2.png?w=904&amp;ssl=1 904w, https:\/\/i0.wp.com\/carloswagner.jor.br\/blog\/wp-content\/uploads\/2026\/03\/image-2.png?resize=300%2C169&amp;ssl=1 300w, https:\/\/i0.wp.com\/carloswagner.jor.br\/blog\/wp-content\/uploads\/2026\/03\/image-2.png?resize=768%2C432&amp;ssl=1 768w\" sizes=\"auto, (max-width: 640px) 100vw, 640px\" \/><figcaption class=\"wp-element-caption\">Mudou o modo como as not\u00edcias chegam aos rinc\u00f5es, mas elas ainda s\u00e3o contadas como se fossem cap\u00edtulos de uma novela Foto: Reprodu\u00e7\u00e3o<\/figcaption><\/figure>\n<\/div>\n\n\n<p>Desde que comecei a trabalhar como rep\u00f3rter cultivo um h\u00e1bito que j\u00e1 me rendeu grandes reportagens e at\u00e9 livros. O de tempos em tempos sair a viajar pelo interior do Brasil e \u201cjogar conversa fora\u201d com as pessoas que encontro ao acaso pelo caminho e saber das suas preocupa\u00e7\u00f5es. Claro que seria mais simples e produtivo analisar as pesquisas de opini\u00e3o. Mas nada substitui um bom papo. Nos \u00faltimos 45 dias, fiz duas viagens pelo interior do Rio Grande do Sul. Andei pelas Miss\u00f5es e pelo Planalto M\u00e9dio, duas regi\u00f5es que se perfilam entre as mais produtivas do agroneg\u00f3cio brasileiro.<\/p>\n\n\n\n<p>No atual momento, a grande preocupa\u00e7\u00e3o \u00e9 com os rumos que v\u00e3o tomar a guerra dos Estados Unidos e seu aliado Israel contra o Ir\u00e3. Uma das raz\u00f5es \u00e9 que o Brasil importa entre 80% a 90% do adubo que consome, que vem da R\u00fassia, China, Canad\u00e1 e Estados Unidos. Qualquer problema com as rotas mar\u00edtimas significa acr\u00e9scimo no pre\u00e7o. A preocupa\u00e7\u00e3o se estende ao transporte da produ\u00e7\u00e3o, principalmente carne de frango, para clientes espalhados pelo mundo, em especial os que ficam na \u00e1rea de conflito. Em um restaurante, puxei assunto com um senhor. Conversa vai, conversa vem, descobri que trabalhava em uma grande empresa de gr\u00e3os. O que ele falou achei muito interessante. Lembrou que existe uma competi\u00e7\u00e3o muito grande entre os produtos agr\u00edcolas do Brasil e dos Estados Unidos. E que a confus\u00e3o causada pela guerra nas rotas mar\u00edtimas pode beneficiar os concorrentes. Tamb\u00e9m fiquei atento ao pre\u00e7o dos combust\u00edveis. Em um posto, perguntei a um jovem que estava abastecendo como estava o pre\u00e7o. Disse que \u201cnormal\u201d. Mas existe a preocupa\u00e7\u00e3o que possa disparar ou haja escassez caso a guerra se prolongue. Na segunda-feira (9), jornais e ag\u00eancias de not\u00edcias destacaram que um impasse entre a Petrobras e as distribuidoras sobre o pre\u00e7o do diesel est\u00e1 reduzindo a oferta em estados como Rio Grande do Sul e Mato Grosso e paralisando a colheita de arroz e soja, que tem o seu pico entre mar\u00e7o e abril. Para a maioria dos jornais, entretanto, o reflexo da guerra no agroneg\u00f3cio vem se limitando \u00e0 an\u00e1lise de especialistas, sem o envio de rep\u00f3rteres ao interior, para conversar com os produtores. O que torna a cobertura discreta. Por tudo que temos publicado, esta semana ser\u00e1 decisiva para o conflito no Oriente M\u00e9dio. Nesta segunda-feira, os mercados financeiros tiveram um al\u00edvio ap\u00f3s o presidente americano, Donald Trump (republicano), 79 anos, afirmar em entrevista \u00e0 CBS News que a guerra est\u00e1 \u201cpraticamente no fim\u201d. Trump e o primeiro-ministro de Israel, Benjamin Netanyahu, 76 anos, t\u00eam ideias diferentes sobre o destino do conflito, principalmente no que se refere \u00e0 substitui\u00e7\u00e3o do l\u00edder m\u00e1ximo do Ir\u00e3, o aiatol\u00e1 Ali Khamenei, 86 anos, morto no ataque inicial de americanos e israelenses. Netanyahu aposta em um Ir\u00e3 politicamente dividido. Trump quer um Ir\u00e3 governado por algu\u00e9m com quem ele possa negociar. O fato \u00e9 o seguinte. A guerra est\u00e1 se alastrando por v\u00e1rios pa\u00edses da regi\u00e3o. O que pode ser devastador para a economia mundial.<\/p>\n\n\n\n<p>Outra conversa que come\u00e7a a ganhar corpo pelo interior ga\u00facho \u00e9 sobre as elei\u00e7\u00f5es de outubro. S\u00f3 para esclarecer. N\u00e3o perguntei para as pessoas em quem elas v\u00e3o votar. Tal pergunta acabaria na hora com qualquer conversa espont\u00e2nea. Porque eu precisaria revelar que sou rep\u00f3rter. Prefiro que o papo role livremente e l\u00e1 pelo meio eu digo que trabalhei 40 anos em reda\u00e7\u00e3o de jornal e que agora ando por a\u00ed procurando boas hist\u00f3rias para contar. E acrescento que escrevi alguns livros, sendo que o mais popular \u00e9&nbsp;<em>O Brasil de Bombachas<\/em>, que narra a saga dos colonos ga\u00fachos pelas fronteiras agr\u00edcolas brasileiras. Na maioria das vezes n\u00e3o preciso fazer este discurso porque a conversa flui ao natural. Essas s\u00e3o as melhores. Pelo que percebi, os candidatos e seus assessores j\u00e1 andam pelo interior, principalmente nos fins de semana, quando os agricultores costumam se reunir para almo\u00e7os coletivos e partidas de futebol, bol\u00e3o e outros esportes. O ga\u00facho gosta de pol\u00edtica, essa a minha opini\u00e3o. E pelo que ouvi, ele anda procurado novos nomes para votar. Todos os partidos t\u00eam candidatos estreantes para deputado (estadual e federal). Falei com um jovem em um posto de combust\u00edveis. Enquanto abastecia a sua moto, ele explicou: \u201cO deputado representa a regi\u00e3o, \u00e9 o cara onde vamos bater \u00e0 porta para resolver nossos problemas\u201d. Quis saber se ele estava fazendo campanha para algu\u00e9m. Respondeu que \u201csim.\u201d Perguntei-lhe ent\u00e3o se estava acompanhando o caso do Banco Master. Disse que este tipo de assunto \u00e9 mais comum nas zonas urbanas. Na ro\u00e7a, a conversa gira sobre o pre\u00e7o da soja, dos insumos, do ped\u00e1gio e outros assuntos ligados ao dia a dia do produtor. Andei pelas cidades pequenas e m\u00e9dias das Miss\u00f5es e do Planalto M\u00e9dio e, realmente, a hist\u00f3ria do Master est\u00e1 circulando nos pontos tradicionais de encontro, aqueles onde se discute pol\u00edtica entre goles de caf\u00e9 e de chimarr\u00e3o. Para lembrar o caso. No final do ano passado foi descoberto que o dono do Banco Master, Daniel Vorcaro, 42 anos, tinha causado um preju\u00edzo de mais de R$ 50 bilh\u00f5es para seus clientes e o setor banc\u00e1rio. O Banco Central decretou a liquida\u00e7\u00e3o extrajudicial do Master. Revelou-se que Vorcaro havia montado uma rede de influ\u00eancia e prote\u00e7\u00e3o que inclu\u00eda pol\u00edticos, jornalistas e at\u00e9 ministros do Supremo Tribunal Federal (STF). Tratei do assunto, em 27 de janeiro, no post&nbsp;<em>Recado do caso Master para as reda\u00e7\u00f5es \u00e9 repensar a cobertura da economia<\/em>. Na \u00faltima semana, foi noticiado que Vorcaro tinha a seu servi\u00e7o Luiz Phillipi Mour\u00e3o, 43 anos, conhecido como Sic\u00e1rio. Aqui uma explica\u00e7\u00e3o. Origin\u00e1rio da palavra latina sica, uma pequena adega, o termo sic\u00e1rio modernamente designa os pistoleiros de aluguel dos cart\u00e9is mexicanos de drogas contratados para eliminar advers\u00e1rios e executar outros \u201cservi\u00e7os sujos\u201d, como atacar jornalistas, furtar dados sigilosos do governo e por a\u00ed afora. Como seus pares mexicanos, Mour\u00e3o tamb\u00e9m fazia alguns servi\u00e7os sujos a mando de Vorcaro. Preso pela Pol\u00edcia Federal (PF) na quarta-feira (4), ele enforcou-se horas depois numa cela da superintend\u00eancia da PF em Belo Horizonte (MG) e teve morte decretada na sexta-feira (6). H\u00e1 um inqu\u00e9rito em andamento sobre o suic\u00eddio e muitas mat\u00e9rias publicadas. Vorcaro est\u00e1 preso na Penitenci\u00e1ria de Seguran\u00e7a M\u00e1xima Federal, em Bras\u00edlia (DF). Uma das justificativas para a pris\u00e3o \u00e9 que ele tem muita influ\u00eancia e pode atrapalhar a investiga\u00e7\u00e3o.<\/p>\n\n\n\n<p>Para concluir o nosso papo. A guerra do Ir\u00e3 e o caso Banco Master s\u00e3o assuntos que circulam com for\u00e7a nas rodas de conversa no interior. Lembro que quando comecei a trabalhar em reda\u00e7\u00e3o, em 1979, as not\u00edcias chegavam ao interior pelos jornais impressos, levados da capital aos mais remotos munic\u00edpios no bagageiro de \u00f4nibus, e pelas \u201cr\u00e1dios cacha\u00e7a\u201d, emissoras clandestinas, que operavam sem autoriza\u00e7\u00e3o legal, mas que em muitos casos eram as \u00fanicas fontes de informa\u00e7\u00e3o de uma localidade. Hoje, basta tocar a tela do celular para ter acesso a imagens, sons e textos sobre qualquer assunto. Mas uma coisa n\u00e3o mudou. Nos casos de grande popularidade, como o esc\u00e2ndalo do Master e a guerra no Ir\u00e3, as novidades s\u00e3o contadas nas rodas de chimarr\u00e3o e nos caf\u00e9s como se fossem cap\u00edtulos de uma novela.<\/p>\n","protected":false},"excerpt":{"rendered":"<p>Desde que comecei a trabalhar como rep\u00f3rter cultivo um h\u00e1bito que j\u00e1 me rendeu grandes reportagens e at\u00e9 livros. O de tempos em tempos sair a viajar pelo interior do Brasil e \u201cjogar conversa fora\u201d com as pessoas que encontro ao acaso pelo caminho e saber das suas preocupa\u00e7\u00f5es. Claro que seria mais simples e <a class=\"read-more\" href=\"https:\/\/carloswagner.jor.br\/blog\/2026\/03\/10\/os-cafes-e-as-rodas-de-chimarrao-no-interior-gaucho-e-os-casos-master-e-ira\/\">Read More&#8230;<\/a><\/p>\n","protected":false},"author":1,"featured_media":0,"comment_status":"open","ping_status":"open","sticky":false,"template":"","format":"standard","meta":{"jetpack_post_was_ever_published":false,"_jetpack_newsletter_access":"","_jetpack_dont_email_post_to_subs":false,"_jetpack_newsletter_tier_id":0,"_jetpack_memberships_contains_paywalled_content":false,"_jetpack_memberships_contains_paid_content":false,"footnotes":"","jetpack_publicize_message":"","jetpack_publicize_feature_enabled":true,"jetpack_social_post_already_shared":true,"jetpack_social_options":{"image_generator_settings":{"template":"highway","default_image_id":0,"font":"","enabled":false},"version":2}},"categories":[1],"tags":[],"class_list":["post-14989","post","type-post","status-publish","format-standard","hentry","category-geral"],"jetpack_publicize_connections":[],"jetpack_featured_media_url":"","jetpack_sharing_enabled":true,"jetpack_shortlink":"https:\/\/wp.me\/p7Requ-3TL","jetpack-related-posts":[{"id":35,"url":"https:\/\/carloswagner.jor.br\/blog\/2016\/09\/12\/jornais-do-interior-apostam-em-qualidade-e-conteudo-local-para-segurar-os-leitores\/","url_meta":{"origin":14989,"position":0},"title":"Jornais do interior apostam em qualidade e conte\u00fado local para segurar os leitores","author":"Carlos Wagner","date":"12 de setembro de 2016","format":false,"excerpt":"Aproveitar uma grande oportunidade que surge \u00e9 definido pelos acad\u00eamicos como n\u00e3o deixar passar o trem da hist\u00f3ria. J\u00e1 os rep\u00f3rteres costumam dizer que o cavalo encilhado n\u00e3o passa duas vezes. As duas frases servem para descrever um quadro que come\u00e7a a ganhar contornos no cotidiano dos jornais do\u00a0 interior\u2026","rel":"","context":"Em &quot;Geral&quot;","block_context":{"text":"Geral","link":"https:\/\/carloswagner.jor.br\/blog\/category\/geral\/"},"img":{"alt_text":"desenho de jornaleiro antigo vendendo not\u00edcias","src":"https:\/\/i0.wp.com\/carloswagner.jor.br\/blog\/wp-content\/uploads\/2016\/09\/jornaleiro2.jpg?resize=350%2C200","width":350,"height":200},"classes":[]},{"id":2981,"url":"https:\/\/carloswagner.jor.br\/blog\/2019\/09\/26\/a-grande-imprensa-virou-as-costas-para-os-leitores-do-interior\/","url_meta":{"origin":14989,"position":1},"title":"A grande imprensa virou as costas para os leitores do interior","author":"Carlos Wagner","date":"26 de setembro de 2019","format":false,"excerpt":"Se houver boicote aos produtos brasileiros centenas de animais v\u00e3o morrer de fome nas propriedades rurais, como j\u00e1 aconteceu antes. Foto: Reprodu\u00e7\u00e3o Nos dias seguintes ao discurso do presidente da Rep\u00fablica Jair Bolsonaro (PSL-RJ) na abertura da Assembleia Geral das Na\u00e7\u00f5es Unidas (ONU) \u00e9 consenso entre os analistas pol\u00edticos e\u2026","rel":"","context":"Em &quot;Geral&quot;","block_context":{"text":"Geral","link":"https:\/\/carloswagner.jor.br\/blog\/category\/geral\/"},"img":{"alt_text":"","src":"https:\/\/i0.wp.com\/carloswagner.jor.br\/blog\/wp-content\/uploads\/2019\/09\/galinhas-mortas.jpeg?resize=350%2C200&ssl=1","width":350,"height":200,"srcset":"https:\/\/i0.wp.com\/carloswagner.jor.br\/blog\/wp-content\/uploads\/2019\/09\/galinhas-mortas.jpeg?resize=350%2C200&ssl=1 1x, https:\/\/i0.wp.com\/carloswagner.jor.br\/blog\/wp-content\/uploads\/2019\/09\/galinhas-mortas.jpeg?resize=525%2C300&ssl=1 1.5x, https:\/\/i0.wp.com\/carloswagner.jor.br\/blog\/wp-content\/uploads\/2019\/09\/galinhas-mortas.jpeg?resize=700%2C400&ssl=1 2x"},"classes":[]},{"id":2967,"url":"https:\/\/carloswagner.jor.br\/blog\/2019\/09\/14\/jornalistas-nao-podem-deixar-o-cavalo-passar-encilhado\/","url_meta":{"origin":14989,"position":2},"title":"Jornalistas n\u00e3o podem deixar o cavalo passar encilhado","author":"Carlos Wagner","date":"14 de setembro de 2019","format":false,"excerpt":"O atual momento do mercado de trabalho dos jornalistas exige que o rep\u00f3rter seja um estrategista para administra a sua carreira. Um erro pode custar a carreira. Foto: reprodu\u00e7\u00e3o Entre os ga\u00fachos do interior h\u00e1 um dito popular que vem varando o tempo: \u201cCavalo encilhado (com sela) n\u00e3o passa duas\u2026","rel":"","context":"Em &quot;Geral&quot;","block_context":{"text":"Geral","link":"https:\/\/carloswagner.jor.br\/blog\/category\/geral\/"},"img":{"alt_text":"","src":"https:\/\/i0.wp.com\/carloswagner.jor.br\/blog\/wp-content\/uploads\/2019\/09\/cavalo.jpg?resize=350%2C200&ssl=1","width":350,"height":200,"srcset":"https:\/\/i0.wp.com\/carloswagner.jor.br\/blog\/wp-content\/uploads\/2019\/09\/cavalo.jpg?resize=350%2C200&ssl=1 1x, https:\/\/i0.wp.com\/carloswagner.jor.br\/blog\/wp-content\/uploads\/2019\/09\/cavalo.jpg?resize=525%2C300&ssl=1 1.5x"},"classes":[]},{"id":1423,"url":"https:\/\/carloswagner.jor.br\/blog\/2018\/05\/16\/a-midia-abandonou-o-interior-do-pais-o-que-resultou-no-aumento-da-violencia-por-la\/","url_meta":{"origin":14989,"position":3},"title":"A m\u00eddia abandonou o interior do pa\u00eds, o que resultou no aumento da viol\u00eancia por l\u00e1","author":"Carlos Wagner","date":"16 de maio de 2018","format":false,"excerpt":"Uma noticia divulgada durante a semana sobre o crescimento, nos \u00faltimos 16 anos, de 844 para 2.487 pontos de prostitui\u00e7\u00e3o infantil e de adolescentes, nas estradas federais que cortam o Brasil, traz um recado nas suas entrelinhas. \u00c9 um alerta para o assinante do interior do pa\u00eds das grandes empresas\u2026","rel":"","context":"Em &quot;Geral&quot;","block_context":{"text":"Geral","link":"https:\/\/carloswagner.jor.br\/blog\/category\/geral\/"},"img":{"alt_text":"","src":"https:\/\/i0.wp.com\/carloswagner.jor.br\/blog\/wp-content\/uploads\/2018\/05\/foto-caixa-300x169.jpg?resize=350%2C200","width":350,"height":200,"srcset":"https:\/\/i0.wp.com\/carloswagner.jor.br\/blog\/wp-content\/uploads\/2018\/05\/foto-caixa-300x169.jpg?resize=350%2C200 1x, https:\/\/i0.wp.com\/carloswagner.jor.br\/blog\/wp-content\/uploads\/2018\/05\/foto-caixa-300x169.jpg?resize=525%2C300 1.5x, https:\/\/i0.wp.com\/carloswagner.jor.br\/blog\/wp-content\/uploads\/2018\/05\/foto-caixa-300x169.jpg?resize=700%2C400 2x"},"classes":[]},{"id":4883,"url":"https:\/\/carloswagner.jor.br\/blog\/2021\/10\/17\/proximo-governo-vai-herdar-uma-bomba-relogio-chamada-relacoes-internacionais\/","url_meta":{"origin":14989,"position":4},"title":"Pr\u00f3ximo governo vai herdar uma bomba-rel\u00f3gio chamada rela\u00e7\u00f5es internacionais","author":"Carlos Wagner","date":"17 de outubro de 2021","format":false,"excerpt":"A comunidade mundial exige que o governo do Brasil suspenda os incentivos a destrui\u00e7\u00e3o da Floresta Amaz\u00f4nica. Foto: Reprodu\u00e7\u00e3o A imprensa do interior do Brasil, em especial as emissoras de r\u00e1dio, precisam explicar melhor para os seus leitores e ouvintes o que significa o fato do Brasil estar caminhando a\u2026","rel":"","context":"Em &quot;Geral&quot;","block_context":{"text":"Geral","link":"https:\/\/carloswagner.jor.br\/blog\/category\/geral\/"},"img":{"alt_text":"","src":"https:\/\/i0.wp.com\/carloswagner.jor.br\/blog\/wp-content\/uploads\/2021\/10\/relacoes.jpg?resize=350%2C200&ssl=1","width":350,"height":200},"classes":[]},{"id":10422,"url":"https:\/\/carloswagner.jor.br\/blog\/2025\/07\/29\/a-imprensa-e-as-historias-dos-dias-seguintes-ao-tarifaco-de-trump-ao-brasil\/","url_meta":{"origin":14989,"position":5},"title":"A imprensa e as hist\u00f3rias dos dias seguintes ao tarifa\u00e7o de Trump ao Brasil","author":"Carlos Wagner","date":"29 de julho de 2025","format":false,"excerpt":"N\u00e3o vai rolar a anistia para os golpistas porque o Brasil n\u00e3o \u00e9 uma Rep\u00fablica\u00a0de\u00a0Bananas Foto: EBC Ent\u00e3o vai ser assim. Em uma das manh\u00e3s desta semana, o presidente americano, Donald Trump (republicano), 78 anos, no caf\u00e9 da manh\u00e3, o famoso breakfast, tomar\u00e1 a decis\u00e3o sobre o destino do tarifa\u00e7o\u2026","rel":"","context":"Em &quot;Geral&quot;","block_context":{"text":"Geral","link":"https:\/\/carloswagner.jor.br\/blog\/category\/geral\/"},"img":{"alt_text":"","src":"https:\/\/i0.wp.com\/carloswagner.jor.br\/blog\/wp-content\/uploads\/2025\/07\/cafeexportacaotarifaco5000.jpg?resize=350%2C200&ssl=1","width":350,"height":200},"classes":[]}],"jetpack_likes_enabled":true,"_links":{"self":[{"href":"https:\/\/carloswagner.jor.br\/blog\/wp-json\/wp\/v2\/posts\/14989","targetHints":{"allow":["GET"]}}],"collection":[{"href":"https:\/\/carloswagner.jor.br\/blog\/wp-json\/wp\/v2\/posts"}],"about":[{"href":"https:\/\/carloswagner.jor.br\/blog\/wp-json\/wp\/v2\/types\/post"}],"author":[{"embeddable":true,"href":"https:\/\/carloswagner.jor.br\/blog\/wp-json\/wp\/v2\/users\/1"}],"replies":[{"embeddable":true,"href":"https:\/\/carloswagner.jor.br\/blog\/wp-json\/wp\/v2\/comments?post=14989"}],"version-history":[{"count":1,"href":"https:\/\/carloswagner.jor.br\/blog\/wp-json\/wp\/v2\/posts\/14989\/revisions"}],"predecessor-version":[{"id":14991,"href":"https:\/\/carloswagner.jor.br\/blog\/wp-json\/wp\/v2\/posts\/14989\/revisions\/14991"}],"wp:attachment":[{"href":"https:\/\/carloswagner.jor.br\/blog\/wp-json\/wp\/v2\/media?parent=14989"}],"wp:term":[{"taxonomy":"category","embeddable":true,"href":"https:\/\/carloswagner.jor.br\/blog\/wp-json\/wp\/v2\/categories?post=14989"},{"taxonomy":"post_tag","embeddable":true,"href":"https:\/\/carloswagner.jor.br\/blog\/wp-json\/wp\/v2\/tags?post=14989"}],"curies":[{"name":"wp","href":"https:\/\/api.w.org\/{rel}","templated":true}]}}