{"id":15041,"date":"2026-03-13T09:51:23","date_gmt":"2026-03-13T12:51:23","guid":{"rendered":"https:\/\/carloswagner.jor.br\/blog\/?p=15041"},"modified":"2026-03-13T09:51:23","modified_gmt":"2026-03-13T12:51:23","slug":"guerras-contadas-pela-imprensa-terminam-as-ignoradas-nao-tem-fim","status":"publish","type":"post","link":"https:\/\/carloswagner.jor.br\/blog\/2026\/03\/13\/guerras-contadas-pela-imprensa-terminam-as-ignoradas-nao-tem-fim\/","title":{"rendered":"Guerras contadas pela imprensa terminam. As ignoradas n\u00e3o t\u00eam fim"},"content":{"rendered":"<div class=\"wp-block-image\">\n<figure class=\"aligncenter size-large\"><img data-recalc-dims=\"1\" loading=\"lazy\" decoding=\"async\" width=\"640\" height=\"383\" data-attachment-id=\"15042\" data-permalink=\"https:\/\/carloswagner.jor.br\/blog\/2026\/03\/13\/guerras-contadas-pela-imprensa-terminam-as-ignoradas-nao-tem-fim\/image-48\/\" data-orig-file=\"https:\/\/i0.wp.com\/carloswagner.jor.br\/blog\/wp-content\/uploads\/2026\/03\/image-3.png?fit=1170%2C700&amp;ssl=1\" data-orig-size=\"1170,700\" data-comments-opened=\"1\" data-image-meta=\"{&quot;aperture&quot;:&quot;0&quot;,&quot;credit&quot;:&quot;&quot;,&quot;camera&quot;:&quot;&quot;,&quot;caption&quot;:&quot;&quot;,&quot;created_timestamp&quot;:&quot;0&quot;,&quot;copyright&quot;:&quot;&quot;,&quot;focal_length&quot;:&quot;0&quot;,&quot;iso&quot;:&quot;0&quot;,&quot;shutter_speed&quot;:&quot;0&quot;,&quot;title&quot;:&quot;&quot;,&quot;orientation&quot;:&quot;0&quot;}\" data-image-title=\"image\" data-image-description=\"\" data-image-caption=\"\" data-large-file=\"https:\/\/i0.wp.com\/carloswagner.jor.br\/blog\/wp-content\/uploads\/2026\/03\/image-3.png?fit=640%2C383&amp;ssl=1\" src=\"https:\/\/i0.wp.com\/carloswagner.jor.br\/blog\/wp-content\/uploads\/2026\/03\/image-3.png?resize=640%2C383&#038;ssl=1\" alt=\"\" class=\"wp-image-15042\" srcset=\"https:\/\/i0.wp.com\/carloswagner.jor.br\/blog\/wp-content\/uploads\/2026\/03\/image-3.png?resize=1024%2C613&amp;ssl=1 1024w, https:\/\/i0.wp.com\/carloswagner.jor.br\/blog\/wp-content\/uploads\/2026\/03\/image-3.png?resize=300%2C179&amp;ssl=1 300w, https:\/\/i0.wp.com\/carloswagner.jor.br\/blog\/wp-content\/uploads\/2026\/03\/image-3.png?resize=768%2C459&amp;ssl=1 768w, https:\/\/i0.wp.com\/carloswagner.jor.br\/blog\/wp-content\/uploads\/2026\/03\/image-3.png?w=1170&amp;ssl=1 1170w\" sizes=\"auto, (max-width: 640px) 100vw, 640px\" \/><figcaption class=\"wp-element-caption\">A infla\u00e7\u00e3o provocada pela guerra com o Ir\u00e3 encurralo o Trump  Foto: EBC<\/figcaption><\/figure>\n<\/div>\n\n\n<p>Meses antes de ser disparado o primeiro m\u00edssil na guerra dos Estados Unidos e seu aliado Israel contra o Ir\u00e3, a not\u00edcia de que haveria o disparo j\u00e1 era manchete de capa nos jornais pelo mundo afora. Por que o interesse da imprensa? A lista de motivos \u00e9 grande. Mas os principais s\u00e3o por envolver os Estados Unidos, a maior pot\u00eancia econ\u00f4mica e militar do planeta. E pela localiza\u00e7\u00e3o geogr\u00e1fica de Israel e Ir\u00e3, que ficam numa regi\u00e3o que concentra alguns dos maiores produtores de petr\u00f3leo e por onde passam rotas comerciais mar\u00edtimas essenciais para o tr\u00e1fego de todo o tipo de mercadorias, sobretudo entre a \u00c1sia e o resto do mundo. Esta fileira de fatos me fez lembrar um conceito que me fui apresentado por um colega veterano de reda\u00e7\u00e3o, que \u00e9 conhecido como \u201cas guerras esquecidas\u201d. S\u00e3o conflitos que acontecem em v\u00e1rios cantos e t\u00eam um alto custo humanit\u00e1rio, mas por terem pouca relev\u00e2ncia geopol\u00edtica s\u00e3o deixados de lado pela imprensa e, por consequ\u00eancia, se prolongam por anos e anos. Por curiosidade, pesquisei para saber se no mundo globalizado dos dias atuais ainda existem \u201cas guerras esquecidas\u201d.<\/p>\n\n\n\n<p>Descobri que n\u00e3o s\u00f3 existem como continuam matando e for\u00e7ando o deslocamento de milhares de civis. Os motivos permanecem os mesmos: religi\u00e3o, disputa por jazidas de min\u00e9rios valiosos (petr\u00f3leo, ouro, diamantes e, recentemente acrescentadas \u00e0 lista, terras raras) e narcotr\u00e1fico. Vou citar algumas destas guerras que j\u00e1 duram mais de uma d\u00e9cada: Haiti, Sud\u00e3o, I\u00eamen, Rep\u00fablica Democr\u00e1tica do Congo (leste), Myanmar e Sahel Africano, como \u00e9 chamada a longa faixa de semi\u00e1rido que cruza o continente de leste a oeste, ao sul do deserto do Saara. Ali vivem 80 milh\u00f5es de pessoas distribu\u00eddas em pa\u00edses como Mali, N\u00edger, Burkina Faso, Maurit\u00e2nia, Chade, Sud\u00e3o e Eritreia. Os detalhes de cada um dos conflitos s\u00e3o encontrados com facilidade \u201cdando um Google\u201d. Vou citar apenas uma informa\u00e7\u00e3o sobre o conflito religioso nos pa\u00edses do Sahel Africano. \u00c9 considerado o \u201cepicentro do terrorismo global\u201d pelo Relat\u00f3rio do \u00cdndice Global de Terrorismo (GTI, sigla em ingl\u00eas), do Instituto para Economia e Paz. Em 2025, das 7.555 mortes que ocorreram no mundo por atentados terroristas, 3.885 aconteceram nos pa\u00edses do Sahel Africano, com destaque para Burkina Faso, Mali e N\u00edger. Houve um aumento de dez vezes nas mortes nos \u00faltimos cinco anos. O relat\u00f3rio est\u00e1 dispon\u00edvel na internet. Nos dias atuais, as novas tecnologias de comunica\u00e7\u00e3o possibilitam o acompanhamento do dia a dia destas \u00e1reas remotas. Agora voltando \u00e0 conversa que tive com o veterano na reda\u00e7\u00e3o nos anos 90. Uma semana depois do papo eu estava dentro de um avi\u00e3o da Varig (empresa a\u00e9rea ga\u00facha que operou entre 1927 e 2010), rumando para Luanda, capital de Angola, uma ex-col\u00f4nia portuguesa localizada na costa ocidental da \u00c1frica. Angola tornou-se independente de Portugal em 11 de novembro de 1975. No dia seguinte, come\u00e7ou uma guerra civil que durou at\u00e9 2002. Em 1975, o mundo ainda respirava os ares da Guerra Fria, conflito ideol\u00f3gico e econ\u00f4mico que desde o final da Segunda Guerra confrontava os Estados Unidos, capitalistas, e extinta Uni\u00e3o Sovi\u00e9tica, comunista. Dessa forma, o Movimento Popular de Liberta\u00e7\u00e3o de Angola (MPLA) era apoiado pelos sovi\u00e9ticos, e a Uni\u00e3o Nacional para a Independ\u00eancia de Angola (Unita), pelos Estados Unidos e o Brasil, ent\u00e3o governado por uma ditadura militar (1964 \u2013 1985) e, usando o linguajar da \u00e9poca, um \u201csat\u00e9lite\u201d dos americanos. No in\u00edcio, o envolvimento das superpot\u00eancias foi decisivo para a escalada e o interesse pelo conflito. Mas com o fim da Guerra Fria, a partir do desmantelamento da Uni\u00e3o Sovi\u00e9tica, em 1991, Angola deixou de ter relev\u00e2ncia e, nos anos 90, estava na lista das \u201cguerras esquecidas\u201d. O&nbsp;MPLA e a Unita procuram outros parceiros para prosseguirem com os combates. O Brasil, j\u00e1 um pa\u00eds democr\u00e1tico, come\u00e7ou a fazer neg\u00f3cios com o MPLA, vendendo armas, muni\u00e7\u00f5es, rem\u00e9dios, novelas (que fizeram o maior sucesso entre os angolanos) e outros produtos. E tamb\u00e9m mantinha neg\u00f3cios com a Unita. Na d\u00e9cada de 90, eu j\u00e1 era um cara experiente na lida da reportagem. Por ser especializado em conflitos agr\u00e1rios, havia andado pelos rinc\u00f5es do Brasil e dos pa\u00edses vizinhos. Por isso, achava que conhecia a mis\u00e9ria. N\u00e3o conhecia. S\u00f3 fui conhecer em Angola, um pa\u00eds rico em petr\u00f3leo, ouro e terras f\u00e9rteis para a agricultura. Os colonizadores portugueses levaram embora o que puderam quando foram expulsos. A Angola que conheci ainda existe por l\u00e1. O veterano da reda\u00e7\u00e3o faleceu e sinto saudade das nossas conversas. Ele era um quadro hist\u00f3rico do antigo Partido Comunista Brasileiro (PCB).<\/p>\n\n\n\n<p>Outro conflito gestado pela Guerra Fria foi o do Vietn\u00e3. At\u00e9 1955, o pa\u00eds era uma col\u00f4nia francesa. Depois, dividiu-se em Vietn\u00e3 do Norte, apoiado pela Uni\u00e3o Sovi\u00e9tica, China e outros pa\u00edses comunistas. E Vietn\u00e3 do Sul, sob influ\u00eancia dos Estados Unidos, Austr\u00e1lia e outras na\u00e7\u00f5es capitalistas. Esse conflito come\u00e7ou como uma \u201cguerra no fim do mundo\u201d, mas tornou-se um dos importantes do s\u00e9culo 20 pelo envolvimento crescente dos Estados Unidos. No seu auge, mais de 500 mil soldados americanos lutavam nas plan\u00edcies e florestas do Vietn\u00e3. No final, morreram 1,3 milh\u00e3o de vietnamitas e 58.220 soldados americanos. O Norte comunista ganhou a guerra e unificou o pa\u00eds. A imprensa teve um papel fundamental nos destinos do conflito. Era permitida a presen\u00e7a de rep\u00f3rteres nas linhas de frente, junto com as tropas em combate. Isso facilitou informar a opini\u00e3o p\u00fablica sobre os massacres que aconteciam. E isso fortaleceu o movimento contra a guerra na popula\u00e7\u00e3o americana. A \u201cgota da \u00e1gua\u201d foram os caix\u00f5es de soldados americanos sendo exibidos diariamente nos notici\u00e1rios de TV. Hoje, os militares americanos n\u00e3o permitem mais a imprensa no campo de batalha. Aqui tem uma coisa interessante. Um dos pontos fortes da campanha do presidente Donald Trump (republicano), 79 anos, foi prometer que os soldados americanos n\u00e3o participariam mais de nenhuma guerra. Na ofensiva contra o Ir\u00e3, o que est\u00e1 causando indigna\u00e7\u00e3o no americano \u00e9 a infla\u00e7\u00e3o que come\u00e7a a pesar no seu bolso, especialmente o pre\u00e7o dos combust\u00edveis. No final de fevereiro, Estados Unidos e Israel bombardearam a capital do Ir\u00e3, Teer\u00e3, e mataram a autoridade m\u00e1xima do pa\u00eds, o aiatol\u00e1 Ali Khamenei, 86 anos, Em mar\u00e7o, o posto foi assumido pelo filho do aiatol\u00e1 morto, Mojtaba Khamenei, 56 anos, que \u00e9 bem mais radical que o pai. Claro que as For\u00e7as Armadas do Ir\u00e3 n\u00e3o s\u00e3o p\u00e1reo para o poder militar de Estados Unidos e Israel. Mas est\u00e3o espalhando a guerra por toda a regi\u00e3o, usando uma tecnologia barata e eficiente, os drones (ve\u00edculos a\u00e9reos n\u00e3o tripulados). No caso, drones suicidas de 300 d\u00f3lares.<\/p>\n\n\n\n<p>Colocando um ponto final na nossa conversa. A imprensa n\u00e3o est\u00e1 acompanhando os combates junto \u00e0s tropas. Mas est\u00e1 informando a popula\u00e7\u00e3o sobre os danos causados por esta guerra na economia, que podem ser t\u00e3o fatais como uma bomba. A aten\u00e7\u00e3o da imprensa \u00e9 fundamental para a sobreviv\u00eancia dos civis e para abrir o caminho para uma negocia\u00e7\u00e3o da paz. Como a sua omiss\u00e3o, no caso das \u201cguerras esquecidas\u201d, \u00e9 fatal para o massacre de civis. \u00c9 simples assim.<\/p>\n","protected":false},"excerpt":{"rendered":"<p>Meses antes de ser disparado o primeiro m\u00edssil na guerra dos Estados Unidos e seu aliado Israel contra o Ir\u00e3, a not\u00edcia de que haveria o disparo j\u00e1 era manchete de capa nos jornais pelo mundo afora. Por que o interesse da imprensa? A lista de motivos \u00e9 grande. Mas os principais s\u00e3o por envolver <a class=\"read-more\" href=\"https:\/\/carloswagner.jor.br\/blog\/2026\/03\/13\/guerras-contadas-pela-imprensa-terminam-as-ignoradas-nao-tem-fim\/\">Read More&#8230;<\/a><\/p>\n","protected":false},"author":1,"featured_media":0,"comment_status":"open","ping_status":"open","sticky":false,"template":"","format":"standard","meta":{"jetpack_post_was_ever_published":false,"_jetpack_newsletter_access":"","_jetpack_dont_email_post_to_subs":false,"_jetpack_newsletter_tier_id":0,"_jetpack_memberships_contains_paywalled_content":false,"_jetpack_memberships_contains_paid_content":false,"footnotes":"","jetpack_publicize_message":"","jetpack_publicize_feature_enabled":true,"jetpack_social_post_already_shared":true,"jetpack_social_options":{"image_generator_settings":{"template":"highway","default_image_id":0,"font":"","enabled":false},"version":2}},"categories":[1],"tags":[3224,3223,1868],"class_list":["post-15041","post","type-post","status-publish","format-standard","hentry","category-geral","tag-africa","tag-guerras-esquecidas","tag-vietna"],"jetpack_publicize_connections":[],"jetpack_featured_media_url":"","jetpack_sharing_enabled":true,"jetpack_shortlink":"https:\/\/wp.me\/p7Requ-3UB","jetpack-related-posts":[{"id":15159,"url":"https:\/\/carloswagner.jor.br\/blog\/2026\/03\/20\/ate-onde-trump-pretende-ir-com-a-guerra-no-ira\/","url_meta":{"origin":15041,"position":0},"title":"At\u00e9 onde Trump pretende ir com a guerra no Ir\u00e3?","author":"Carlos Wagner","date":"20 de mar\u00e7o de 2026","format":false,"excerpt":"Imprensa precisa contar melhor a hist\u00f3ria da sa\u00edda de Joe Kent do governo Trump Foto: EBC Qual \u00e9 o futuro da guerra entre a alian\u00e7a dos Estados Unidos e Israel contra o Ir\u00e3? Se jogarmos uma moeda para cima para decidir no cara ou coroa, \u00e9 prov\u00e1vel que ela caia\u2026","rel":"","context":"Em &quot;Geral&quot;","block_context":{"text":"Geral","link":"https:\/\/carloswagner.jor.br\/blog\/category\/geral\/"},"img":{"alt_text":"","src":"https:\/\/i0.wp.com\/carloswagner.jor.br\/blog\/wp-content\/uploads\/2026\/03\/image-5.png?resize=350%2C200&ssl=1","width":350,"height":200,"srcset":"https:\/\/i0.wp.com\/carloswagner.jor.br\/blog\/wp-content\/uploads\/2026\/03\/image-5.png?resize=350%2C200&ssl=1 1x, https:\/\/i0.wp.com\/carloswagner.jor.br\/blog\/wp-content\/uploads\/2026\/03\/image-5.png?resize=525%2C300&ssl=1 1.5x, https:\/\/i0.wp.com\/carloswagner.jor.br\/blog\/wp-content\/uploads\/2026\/03\/image-5.png?resize=700%2C400&ssl=1 2x, https:\/\/i0.wp.com\/carloswagner.jor.br\/blog\/wp-content\/uploads\/2026\/03\/image-5.png?resize=1050%2C600&ssl=1 3x"},"classes":[]},{"id":15375,"url":"https:\/\/carloswagner.jor.br\/blog\/2026\/03\/31\/a-imprensa-os-precos-dos-combustiveis-e-trump-no-atoleiro-da-guerra-do-ira\/","url_meta":{"origin":15041,"position":1},"title":"A imprensa, os pre\u00e7os dos combust\u00edveis e Trump no &#8220;atoleiro&#8221; da guerra do Ir\u00e3","author":"Carlos Wagner","date":"31 de mar\u00e7o de 2026","format":false,"excerpt":"Ir\u00e3 acusa EUA de propor negocia\u00e7\u00f5es enquanto planejam invadir o pa\u00eds Foto: EBC N\u00e3o podia ser diferente. Ao redor do planeta, os pre\u00e7os dos combust\u00edveis n\u00e3o param de subir desde o final de fevereiro, quando foram disparados os primeiros m\u00edsseis por Estados Unidos e Israel contra o Ir\u00e3. O conflito\u2026","rel":"","context":"Em &quot;Geral&quot;","block_context":{"text":"Geral","link":"https:\/\/carloswagner.jor.br\/blog\/category\/geral\/"},"img":{"alt_text":"","src":"https:\/\/i0.wp.com\/carloswagner.jor.br\/blog\/wp-content\/uploads\/2026\/03\/image-9.png?resize=350%2C200&ssl=1","width":350,"height":200,"srcset":"https:\/\/i0.wp.com\/carloswagner.jor.br\/blog\/wp-content\/uploads\/2026\/03\/image-9.png?resize=350%2C200&ssl=1 1x, https:\/\/i0.wp.com\/carloswagner.jor.br\/blog\/wp-content\/uploads\/2026\/03\/image-9.png?resize=525%2C300&ssl=1 1.5x, https:\/\/i0.wp.com\/carloswagner.jor.br\/blog\/wp-content\/uploads\/2026\/03\/image-9.png?resize=700%2C400&ssl=1 2x, https:\/\/i0.wp.com\/carloswagner.jor.br\/blog\/wp-content\/uploads\/2026\/03\/image-9.png?resize=1050%2C600&ssl=1 3x"},"classes":[]},{"id":14912,"url":"https:\/\/carloswagner.jor.br\/blog\/2026\/03\/06\/como-os-eleitores-de-trump-reagirao-a-uma-guerra-prolongada-com-o-ira\/","url_meta":{"origin":15041,"position":2},"title":"Como os eleitores de Trump reagir\u00e3o a uma guerra prolongada com o Ir\u00e3?","author":"Carlos Wagner","date":"6 de mar\u00e7o de 2026","format":false,"excerpt":"O ministro de Israel aposta em um Ir\u00e3 dividido, Trump s\u00f3 quer algu\u00e9m para negociar Foto: EBC Nos pr\u00f3ximos dias dever\u00e1 se ter uma ideia do rumo que vai tomar a guerra dos Estados Unidos e seu aliado Israel contra o Ir\u00e3. Independentemente do desdobramento do conflito, Trump j\u00e1 est\u00e1\u2026","rel":"","context":"Em &quot;Geral&quot;","block_context":{"text":"Geral","link":"https:\/\/carloswagner.jor.br\/blog\/category\/geral\/"},"img":{"alt_text":"","src":"https:\/\/i0.wp.com\/carloswagner.jor.br\/blog\/wp-content\/uploads\/2026\/03\/image-1.png?resize=350%2C200&ssl=1","width":350,"height":200,"srcset":"https:\/\/i0.wp.com\/carloswagner.jor.br\/blog\/wp-content\/uploads\/2026\/03\/image-1.png?resize=350%2C200&ssl=1 1x, https:\/\/i0.wp.com\/carloswagner.jor.br\/blog\/wp-content\/uploads\/2026\/03\/image-1.png?resize=525%2C300&ssl=1 1.5x, https:\/\/i0.wp.com\/carloswagner.jor.br\/blog\/wp-content\/uploads\/2026\/03\/image-1.png?resize=700%2C400&ssl=1 2x, https:\/\/i0.wp.com\/carloswagner.jor.br\/blog\/wp-content\/uploads\/2026\/03\/image-1.png?resize=1050%2C600&ssl=1 3x, https:\/\/i0.wp.com\/carloswagner.jor.br\/blog\/wp-content\/uploads\/2026\/03\/image-1.png?resize=1400%2C800&ssl=1 4x"},"classes":[]},{"id":7326,"url":"https:\/\/carloswagner.jor.br\/blog\/2023\/11\/14\/perguntas-sem-respostas-para-entender-a-guerra-israel-versus-hamas\/","url_meta":{"origin":15041,"position":3},"title":"Perguntas sem respostas para entender a guerra Israel versus Hamas","author":"Carlos Wagner","date":"14 de novembro de 2023","format":false,"excerpt":"Cada guerra no Oriente M\u00e9dio \u00e9 semente da pr\u00f3xima, como acabar com\u00a0esta\u00a0l\u00f3gica? Foto: EBC Ainda n\u00e3o foi respondida a pergunta fundamental para a comunidade internacional entender a guerra entre Israel e o Hamas, movimento fundamentalista palestino que governa o territ\u00f3rio da Faixa de Gaza. Como 1,5 mil terroristas do Hamas\u2026","rel":"","context":"Em &quot;Geral&quot;","block_context":{"text":"Geral","link":"https:\/\/carloswagner.jor.br\/blog\/category\/geral\/"},"img":{"alt_text":"","src":"https:\/\/i0.wp.com\/carloswagner.jor.br\/blog\/wp-content\/uploads\/2023\/11\/conflitoorientemedio5000.jpeg?resize=350%2C200&ssl=1","width":350,"height":200},"classes":[]},{"id":8079,"url":"https:\/\/carloswagner.jor.br\/blog\/2024\/04\/16\/se-netanyahu-engrossar-a-briga-com-o-ira-vai-prejudicar-a-reeleicao-de-biden\/","url_meta":{"origin":15041,"position":4},"title":"Se Netanyahu engrossar a briga com o Ir\u00e3 vai prejudicar a reelei\u00e7\u00e3o de\u00a0Biden","author":"Carlos Wagner","date":"16 de abril de 2024","format":false,"excerpt":"Uma guerra entre Israel e Ir\u00e3 jogar\u00e1 nas nuvens o pre\u00e7o do barril\u00a0de\u00a0petr\u00f3leo Foto: Reprodu\u00e7\u00e3o O que est\u00e1 se passando pela cabe\u00e7a do primeiro-ministro de Israel, Benjamin Netanyahu, 74 anos? No in\u00edcio de abril, os israelenses atacaram o consulado do Ir\u00e3 em Damasco, capital da S\u00edria, matando importantes l\u00edderes iranianos.\u2026","rel":"","context":"Em &quot;Geral&quot;","block_context":{"text":"Geral","link":"https:\/\/carloswagner.jor.br\/blog\/category\/geral\/"},"img":{"alt_text":"","src":"https:\/\/i0.wp.com\/carloswagner.jor.br\/blog\/wp-content\/uploads\/2024\/04\/dronesmisseis5000.jpeg?resize=350%2C200&ssl=1","width":350,"height":200},"classes":[]},{"id":15856,"url":"https:\/\/carloswagner.jor.br\/blog\/2026\/04\/28\/guerra-no-ira-lula-flavio-e-a-disputa-pelas-manchetes-dos-jornais\/","url_meta":{"origin":15041,"position":5},"title":"Guerra no Ir\u00e3, Lula, Fl\u00e1vio e a disputa pelas manchetes dos jornais","author":"Carlos Wagner","date":"28 de abril de 2026","format":false,"excerpt":"O que deveriam ser duas \"guerras-rel\u00e2mpago\" se tornaram \"atoleiros\" Foto: Reprodu\u00e7\u00e3o Em 28 de fevereiro, o presidente dos Estados Unidos, Donald Trump (republicano), 79 anos, aliado com o primeiro-ministro de Israel, Benjamin Netanyahu, 76 anos, iniciou uma guerra contra o Ir\u00e3. Era para ter sido uma \u201cguerra-rel\u00e2mpago\u201d, devido ao poderio\u2026","rel":"","context":"Em &quot;Geral&quot;","block_context":{"text":"Geral","link":"https:\/\/carloswagner.jor.br\/blog\/category\/geral\/"},"img":{"alt_text":"","src":"https:\/\/i0.wp.com\/carloswagner.jor.br\/blog\/wp-content\/uploads\/2026\/04\/image-7.png?resize=350%2C200&ssl=1","width":350,"height":200,"srcset":"https:\/\/i0.wp.com\/carloswagner.jor.br\/blog\/wp-content\/uploads\/2026\/04\/image-7.png?resize=350%2C200&ssl=1 1x, https:\/\/i0.wp.com\/carloswagner.jor.br\/blog\/wp-content\/uploads\/2026\/04\/image-7.png?resize=525%2C300&ssl=1 1.5x, https:\/\/i0.wp.com\/carloswagner.jor.br\/blog\/wp-content\/uploads\/2026\/04\/image-7.png?resize=700%2C400&ssl=1 2x, https:\/\/i0.wp.com\/carloswagner.jor.br\/blog\/wp-content\/uploads\/2026\/04\/image-7.png?resize=1050%2C600&ssl=1 3x, https:\/\/i0.wp.com\/carloswagner.jor.br\/blog\/wp-content\/uploads\/2026\/04\/image-7.png?resize=1400%2C800&ssl=1 4x"},"classes":[]}],"jetpack_likes_enabled":true,"_links":{"self":[{"href":"https:\/\/carloswagner.jor.br\/blog\/wp-json\/wp\/v2\/posts\/15041","targetHints":{"allow":["GET"]}}],"collection":[{"href":"https:\/\/carloswagner.jor.br\/blog\/wp-json\/wp\/v2\/posts"}],"about":[{"href":"https:\/\/carloswagner.jor.br\/blog\/wp-json\/wp\/v2\/types\/post"}],"author":[{"embeddable":true,"href":"https:\/\/carloswagner.jor.br\/blog\/wp-json\/wp\/v2\/users\/1"}],"replies":[{"embeddable":true,"href":"https:\/\/carloswagner.jor.br\/blog\/wp-json\/wp\/v2\/comments?post=15041"}],"version-history":[{"count":1,"href":"https:\/\/carloswagner.jor.br\/blog\/wp-json\/wp\/v2\/posts\/15041\/revisions"}],"predecessor-version":[{"id":15043,"href":"https:\/\/carloswagner.jor.br\/blog\/wp-json\/wp\/v2\/posts\/15041\/revisions\/15043"}],"wp:attachment":[{"href":"https:\/\/carloswagner.jor.br\/blog\/wp-json\/wp\/v2\/media?parent=15041"}],"wp:term":[{"taxonomy":"category","embeddable":true,"href":"https:\/\/carloswagner.jor.br\/blog\/wp-json\/wp\/v2\/categories?post=15041"},{"taxonomy":"post_tag","embeddable":true,"href":"https:\/\/carloswagner.jor.br\/blog\/wp-json\/wp\/v2\/tags?post=15041"}],"curies":[{"name":"wp","href":"https:\/\/api.w.org\/{rel}","templated":true}]}}