{"id":15102,"date":"2026-03-17T11:00:30","date_gmt":"2026-03-17T14:00:30","guid":{"rendered":"https:\/\/carloswagner.jor.br\/blog\/?p=15102"},"modified":"2026-03-17T11:00:30","modified_gmt":"2026-03-17T14:00:30","slug":"o-agente-secreto-contou-aos-quatro-ventos-a-historia-dos-horrores-de-1964","status":"publish","type":"post","link":"https:\/\/carloswagner.jor.br\/blog\/2026\/03\/17\/o-agente-secreto-contou-aos-quatro-ventos-a-historia-dos-horrores-de-1964\/","title":{"rendered":"\u201cO Agente Secreto\u201d contou aos quatro ventos a hist\u00f3ria dos horrores de 1964"},"content":{"rendered":"<div class=\"wp-block-image\">\n<figure class=\"aligncenter size-full\"><img data-recalc-dims=\"1\" loading=\"lazy\" decoding=\"async\" width=\"640\" height=\"359\" data-attachment-id=\"15103\" data-permalink=\"https:\/\/carloswagner.jor.br\/blog\/2026\/03\/17\/o-agente-secreto-contou-aos-quatro-ventos-a-historia-dos-horrores-de-1964\/image-49\/\" data-orig-file=\"https:\/\/i0.wp.com\/carloswagner.jor.br\/blog\/wp-content\/uploads\/2026\/03\/image-4.png?fit=640%2C359&amp;ssl=1\" data-orig-size=\"640,359\" data-comments-opened=\"1\" data-image-meta=\"{&quot;aperture&quot;:&quot;0&quot;,&quot;credit&quot;:&quot;&quot;,&quot;camera&quot;:&quot;&quot;,&quot;caption&quot;:&quot;&quot;,&quot;created_timestamp&quot;:&quot;0&quot;,&quot;copyright&quot;:&quot;&quot;,&quot;focal_length&quot;:&quot;0&quot;,&quot;iso&quot;:&quot;0&quot;,&quot;shutter_speed&quot;:&quot;0&quot;,&quot;title&quot;:&quot;&quot;,&quot;orientation&quot;:&quot;0&quot;}\" data-image-title=\"image\" data-image-description=\"\" data-image-caption=\"\" data-large-file=\"https:\/\/i0.wp.com\/carloswagner.jor.br\/blog\/wp-content\/uploads\/2026\/03\/image-4.png?fit=640%2C359&amp;ssl=1\" src=\"https:\/\/i0.wp.com\/carloswagner.jor.br\/blog\/wp-content\/uploads\/2026\/03\/image-4.png?resize=640%2C359&#038;ssl=1\" alt=\"\" class=\"wp-image-15103\" srcset=\"https:\/\/i0.wp.com\/carloswagner.jor.br\/blog\/wp-content\/uploads\/2026\/03\/image-4.png?w=640&amp;ssl=1 640w, https:\/\/i0.wp.com\/carloswagner.jor.br\/blog\/wp-content\/uploads\/2026\/03\/image-4.png?resize=300%2C168&amp;ssl=1 300w\" sizes=\"auto, (max-width: 640px) 100vw, 640px\" \/><figcaption class=\"wp-element-caption\">Filme n\u00e3o ganhou o Oscar, mas foi bem recebido pelo p\u00fablico Foto: Reprodu\u00e7\u00e3o<\/figcaption><\/figure>\n<\/div>\n\n\n<p>Indicado para concorrer em quatro categorias do Oscar 2026, saiu sem pr\u00eamio o filme brasileiro\u00a0<em>O Agente Secreto<\/em>, dirigido por Kleber Mendon\u00e7a Filho, 57 anos, estrelado pelo ator Wagner Moura, 49 anos. Faz parte do jogo, como diria o Capit\u00e3o Nascimento, personagem muito popular do filme\u00a0<em>Tropa de Elite<\/em>, interpretado  pelo mesmo Wagner Moura. A 98\u00aa cerim\u00f4nia do Oscar foi assistida por milh\u00f5es de pessoas ao redor do mundo e aconteceu no Teatro Dolby, em Los Angeles, Calif\u00f3rnia (EUA), no domingo (15). Al\u00e9m da indica\u00e7\u00e3o ao Oscar,\u00a0<em>O Agente Secreto<\/em>\u00a0vem circulando h\u00e1 um ano pelo roteiro dos festivais internacionais de cinema, nos quais ganhou muitos pr\u00eamios. Toda a hist\u00f3ria do filme nos festivais vem sendo contada pelos jornais. N\u00e3o vou \u201cchover no molhado\u201d, como se dizia nos tempos das barulhentas m\u00e1quinas de escrever nas reda\u00e7\u00f5es, e repeti-la.<\/p>\n\n\n\n<p>Vou aproveitar o gancho do Oscar para conversar com os leitores e os colegas rep\u00f3rteres sobre a hist\u00f3ria que o filme conta. Ela \u00e9 ambientada em um dos per\u00edodos mais sangrentos da ditadura militar que governou o pa\u00eds de 1964 a 1985. E relata a press\u00e3o mental exercida pelo regime sobre as pessoas que conviviam com o medo de serem denunciadas aos agentes da repress\u00e3o, presas e mortas. Eu vivi aquele tempo. Tenho 75 anos, quase meio s\u00e9culo exercendo a profiss\u00e3o de rep\u00f3rter. Convivi com este medo na adolesc\u00eancia, na juventude e nos meus anos iniciais na reda\u00e7\u00e3o do jornal. Tive colegas de escola e amigos presos. Em 1975, a persegui\u00e7\u00e3o do regime \u00e0 imprensa resultou na pris\u00e3o e assassinato do jornalista Vladimir Herzog (1937 \u2013 1975) nas depend\u00eancias do DOI-Codi de S\u00e3o Paulo, \u00f3rg\u00e3o de intelig\u00eancia, repress\u00e3o, tortura e assassinato dos inimigos do regime. N\u00e3o foi por acaso que o filme foi ambientado em 1977 pelo autor e diretor Kleber Mendon\u00e7a. O que aconteceu naquele ano? A ditadura endureceu o regime com o \u201cPacote de Abril\u201d, que fechou o Congresso, criou os senadores \u201cbi\u00f4nicos\u201d (indicados pelo governo, sem serem eleitos) e adiou a abertura pol\u00edtica. Houve uma intensa mobiliza\u00e7\u00e3o estudantil, com a invas\u00e3o da PUC-SP, entre outros acontecimentos. O enredo do filme \u00e9 enxuto e criativo. Um ex-professor de tecnologia chamado Marcelo (Moura) foge de um passado violento em S\u00e3o Paulo (SP) e se refugia em Recife (PE), onde encontra o filho, um menino. Mas vive atormentado, acreditando que est\u00e1 sendo seguido pelos agentes da repress\u00e3o. Assisti ao filme e notei que cenas e di\u00e1logos mostrados s\u00e3o muito fi\u00e9is ao que acontecia naqueles anos. Como disse, eu estava l\u00e1. Filmes como&nbsp;<em>O Agente Secreto<\/em>&nbsp;s\u00e3o importantes porque mostram para as novas gera\u00e7\u00f5es o horror que foram os 21 anos da ditadura militar. Nada \u00e9 mais eficiente para contar uma hist\u00f3ria do que o cinema. No ano passado, o filme&nbsp;<em>Ainda Estou Aqui<\/em>, dirigido pelo cineasta Walter Salles, 69 anos, revelou a hist\u00f3ria real do deputado federal Rubens Paiva, do PTB. Cassado pelos militares logo ap\u00f3s o golpe de 1964, Paiva foi preso em janeiro de 1971 e sumiu. Recebeu o Oscar de melhor filme internacional. Na ocasi\u00e3o, Salles dedicou o pr\u00eamio \u00e0 vi\u00fava do deputado, Eunice Paiva, que criou os cinco filhos e nunca deixou de buscar o paradeiro do marido. As atrizes Fernanda Torres e Fernanda Montenegro representaram o papel de Eunice.<\/p>\n\n\n\n<p><em>Ainda Estou Aqui<\/em>,&nbsp;<em>O Agente Secreto&nbsp;<\/em>e outros filmes, document\u00e1rios e livros s\u00e3o importantes para mostrar os horrores da ditadura militar. E para n\u00e3o permitir que 1964 se repita. Conversei sobre isso no domingo, por telefone, com um colega rep\u00f3rter, um veterano das editorias de pol\u00edtica do final dos anos 1980. Claro, a conversa come\u00e7ou sobre a disputa do Oscar e o enredo de&nbsp;<em>O Agente Secreto<\/em>. E acabou migrando para as lembran\u00e7as da reda\u00e7\u00e3o daquela d\u00e9cada de 80. Creio que por estarmos a poucos meses do primeiro turno as elei\u00e7\u00f5es de 2026, marcadas para 4 de outubro, quando ser\u00e3o eleitos presidente, governadores, deputados (estaduais e federais) e 54 senadores. Falamos por uma hora. Depois de desligar o telefone, fiquei pensado como eram as coisas na reda\u00e7\u00e3o naquele in\u00edcio da redemocratiza\u00e7\u00e3o do pa\u00eds, um longo processo que culminou com a publica\u00e7\u00e3o da atual Constitui\u00e7\u00e3o, em 6 de outubro de 1988. Na \u00e9poca, em anos eleitorais, a principal pauta dos jornais era se as elei\u00e7\u00f5es iam ou n\u00e3o acontecer. Vez ou outra surgiam boatos de que os generais estavam se organizando para voltar ao poder. Nos meses que antecederam o primeiro turno da elei\u00e7\u00e3o presidencial de 1989, em 15 de novembro, a boataria nas reda\u00e7\u00f5es era de que o pleito \u201cpoderia n\u00e3o acontecer\u201d. Aconteceu, e no segundo turno foi eleito Fernando Collor de Mello, 76 anos (idade atual). Em 1992, acusado de corrup\u00e7\u00e3o e outros crimes, Collor sofreu impeachment. Os boatos ent\u00e3o eram de que o vice, Itamar Franco (1930 \u2013 2011), n\u00e3o assumiria. Muitos lembravam um epis\u00f3dio que, em \u00faltima inst\u00e2ncia, deu origem ao golpe militar de 1964. Em 1961, o presidente J\u00e2nio Quadros (1917 \u2013 1992) renunciou ao cargo apenas sete meses ap\u00f3s tomar posse, alegando que \u201cfor\u00e7as terr\u00edveis\u201d o impediam de governar. Houve uma mobiliza\u00e7\u00e3o da extrema direita, aliada com militares golpistas, para impedir que o vice-presidente, Jo\u00e3o Goulart (1919 \u2013 1976), o Jango, ga\u00facho de S\u00e3o Borja, do antigo PTB, assumisse. O governador do Rio Grande do Sul, Leonel Brizola (1922 \u2013 2004), iniciou um movimento civil e militar que ficou conhecido como Campanha da Legalidade, para garantir que a Constitui\u00e7\u00e3o fosse cumprida. O movimento foi bem-sucedido, Goulart tomou posse, mas foi plantada a semente do golpe que o derrubaria alguns meses depois \u2013 h\u00e1 mat\u00e9rias e documentos dispon\u00edveis na internet.<\/p>\n\n\n\n<p>No impeachment de Collor, o vice Itamar assumiu e fez um bom governo, elegendo o seu sucessor, Fernando Henrique Cardoso, 94 anos (idade atual). Com o passar dos anos, os boatos sobre a realiza\u00e7\u00e3o ou n\u00e3o das elei\u00e7\u00f5es desapareceram das reda\u00e7\u00f5es. Mas outros surgiram. No auge da boataria, eu lembrava os editores que a grande not\u00edcia seria quando a cobertura eleitoral n\u00e3o fosse not\u00edcia. Com o tempo, perfilei-me entre os jornalistas que apostavam que nunca mais haveria um golpe de estado no Brasil. Tanto que, quando o ent\u00e3o presidente Jair Bolsonaro (PL), 70 anos, capit\u00e3o do reformado do Ex\u00e9rcito, pregava a volta de 1964, eu dizia que era uma bravata. Estava enganado. Em 2022, ap\u00f3s ser derrotado por Luiz In\u00e1cio Lula da Silva (PT), 80 anos, na sua tentativa de reelei\u00e7\u00e3o, Bolsonaro liderou um grupo de 36 pessoas da sua confian\u00e7a que planejaram um golpe de estado. O golpe previa a realiza\u00e7\u00e3o de v\u00e1rios atos, que se iniciaram em novembro de 2022 e tiveram o seu \u00e1pice em 8 de janeiro de 2023, quando mais de mil seguidores do ex-presidente invadiram e quebraram tudo que encontraram pela frente no Pal\u00e1cio do Planalto, no Supremo Tribunal Federal (STF) e no Congresso, em Bras\u00edlia (DF). Foram julgados, condenados e atualmente a maioria cumpre pena, inclusive Bolsonaro, sentenciado a 27 anos de cadeia. N\u00e3o d\u00e1 para relaxar.<\/p>\n","protected":false},"excerpt":{"rendered":"<p>Indicado para concorrer em quatro categorias do Oscar 2026, saiu sem pr\u00eamio o filme brasileiro\u00a0O Agente Secreto, dirigido por Kleber Mendon\u00e7a Filho, 57 anos, estrelado pelo ator Wagner Moura, 49 anos. Faz parte do jogo, como diria o Capit\u00e3o Nascimento, personagem muito popular do filme\u00a0Tropa de Elite, interpretado pelo mesmo Wagner Moura. A 98\u00aa cerim\u00f4nia <a class=\"read-more\" href=\"https:\/\/carloswagner.jor.br\/blog\/2026\/03\/17\/o-agente-secreto-contou-aos-quatro-ventos-a-historia-dos-horrores-de-1964\/\">Read More&#8230;<\/a><\/p>\n","protected":false},"author":1,"featured_media":0,"comment_status":"open","ping_status":"open","sticky":false,"template":"","format":"standard","meta":{"jetpack_post_was_ever_published":false,"_jetpack_newsletter_access":"","_jetpack_dont_email_post_to_subs":false,"_jetpack_newsletter_tier_id":0,"_jetpack_memberships_contains_paywalled_content":false,"_jetpack_memberships_contains_paid_content":false,"footnotes":"","jetpack_publicize_message":"","jetpack_publicize_feature_enabled":true,"jetpack_social_post_already_shared":true,"jetpack_social_options":{"image_generator_settings":{"template":"highway","default_image_id":0,"font":"","enabled":false},"version":2}},"categories":[1],"tags":[2227,153,1585,296,3226,383,3227],"class_list":["post-15102","post","type-post","status-publish","format-standard","hentry","category-geral","tag-2227","tag-bolsonaro","tag-ditadura-militar","tag-lula","tag-oscar-o-agente-secreto","tag-tropa-de-elite","tag-wagner-moura"],"jetpack_publicize_connections":[],"jetpack_featured_media_url":"","jetpack_sharing_enabled":true,"jetpack_shortlink":"https:\/\/wp.me\/p7Requ-3VA","jetpack-related-posts":[{"id":13854,"url":"https:\/\/carloswagner.jor.br\/blog\/2026\/01\/13\/globos-de-ouro-do-o-agente-secreto-imprensa-e-as-feridas-abertas-da-ditadura\/","url_meta":{"origin":15102,"position":0},"title":"Globos de Ouro do \u2018O Agente Secreto\u2019, imprensa e as feridas abertas da ditadura","author":"Carlos Wagner","date":"13 de janeiro de 2026","format":false,"excerpt":"O filme premiado lembra o horror dos tempos da ditadura militar Foto: Reprodu\u00e7\u00e3o Na noite de domingo, o ator Wagner Moura, 49 anos, ganhou o pr\u00eamio Globo de Ouro de melhor ator de drama com o filme\u00a0O Agente Secreto, do diretor Cl\u00e9ber Mendon\u00e7a Filho, 57 anos. O longa ganhou ainda\u2026","rel":"","context":"Em &quot;Geral&quot;","block_context":{"text":"Geral","link":"https:\/\/carloswagner.jor.br\/blog\/category\/geral\/"},"img":{"alt_text":"","src":"https:\/\/i0.wp.com\/carloswagner.jor.br\/blog\/wp-content\/uploads\/2026\/01\/image-3.png?resize=350%2C200&ssl=1","width":350,"height":200,"srcset":"https:\/\/i0.wp.com\/carloswagner.jor.br\/blog\/wp-content\/uploads\/2026\/01\/image-3.png?resize=350%2C200&ssl=1 1x, https:\/\/i0.wp.com\/carloswagner.jor.br\/blog\/wp-content\/uploads\/2026\/01\/image-3.png?resize=525%2C300&ssl=1 1.5x, https:\/\/i0.wp.com\/carloswagner.jor.br\/blog\/wp-content\/uploads\/2026\/01\/image-3.png?resize=700%2C400&ssl=1 2x, https:\/\/i0.wp.com\/carloswagner.jor.br\/blog\/wp-content\/uploads\/2026\/01\/image-3.png?resize=1050%2C600&ssl=1 3x"},"classes":[]},{"id":9526,"url":"https:\/\/carloswagner.jor.br\/blog\/2025\/03\/04\/o-oscar-de-ainda-estou-aqui-a-imprensa-e-a-volta-da-extrema-direita-ao-poder\/","url_meta":{"origin":15102,"position":1},"title":"O Oscar de\u00a0Ainda Estou Aqui, a imprensa e a volta da extrema direita ao poder","author":"Carlos Wagner","date":"4 de mar\u00e7o de 2025","format":false,"excerpt":"Entrou para a hist\u00f3ria o \"barraco\" armado por Trump, J. D. Vance e Zelensky\u00a0na\u00a0Casa\u00a0Branca Foto: EBC O cinema brasileiro fez hist\u00f3ria no \u00faltimo domingo (02\/03). O filme\u00a0Ainda Estou Aqui, dirigido pelo cineasta Walter Salles, 68 anos, ganhou a in\u00e9dita premia\u00e7\u00e3o do Oscar de melhor filme internacional, em Los Angeles, Estados\u2026","rel":"","context":"Em &quot;Geral&quot;","block_context":{"text":"Geral","link":"https:\/\/carloswagner.jor.br\/blog\/category\/geral\/"},"img":{"alt_text":"","src":"https:\/\/i0.wp.com\/carloswagner.jor.br\/blog\/wp-content\/uploads\/2025\/03\/oscaraindaestouaqui5000.jpeg?resize=350%2C200&ssl=1","width":350,"height":200},"classes":[]},{"id":394,"url":"https:\/\/carloswagner.jor.br\/blog\/2017\/08\/30\/o-cinema-brasileiro-entra-na-guerra-contra-a-corrupcao-com-o-filme-policia-federal-a-lei-e-para-todos\/","url_meta":{"origin":15102,"position":2},"title":"O cinema brasileiro entra na guerra contra a corrup\u00e7\u00e3o com o filme \u201cPol\u00edcia Federal \u2013 A Lei \u00e9 Para Todos\u201d","author":"Carlos Wagner","date":"30 de agosto de 2017","format":false,"excerpt":"O pr\u00f3ximo dia 7 de setembro marcar\u00e1 muito mais do que o 195\u00ba anivers\u00e1rio da Independ\u00eancia do Brasil. Entrar\u00e1 na hist\u00f3ria do pa\u00eds como o dia em que o cinema nacional entrou na guerra contra a cultura da corrup\u00e7\u00e3o, enraizada na maneira de fazer neg\u00f3cios e pol\u00edtica no Brasil, com\u2026","rel":"","context":"Em &quot;Geral&quot;","block_context":{"text":"Geral","link":"https:\/\/carloswagner.jor.br\/blog\/category\/geral\/"},"img":{"alt_text":"","src":"https:\/\/i0.wp.com\/s2.glbimg.com\/xyT7UJ65THuLqdA2JdDLDfA1Las%3D\/0x0%3A1362x2000\/984x0\/smart\/filters%3Astrip_icc%28%29\/i.s3.glbimg.com\/v1\/AUTH_59edd422c0c84a879bd37670ae4f538a\/internal_photos\/bs\/2017\/v\/C\/BHzlbkSMOCBfrR9KbL7g\/cartaz-policia-federal-a-lei-e-para-todos.jpg?resize=350%2C200&ssl=1","width":350,"height":200},"classes":[]},{"id":388,"url":"https:\/\/carloswagner.jor.br\/blog\/2017\/08\/24\/as-operacoes-das-tropas-nas-favelas-cariocas-tem-sido-um-fracasso-sabe-o-motivo\/","url_meta":{"origin":15102,"position":3},"title":"As opera\u00e7\u00f5es das tropas nas favelas cariocas t\u00eam sido um fracasso. Sabe o motivo?","author":"Carlos Wagner","date":"24 de agosto de 2017","format":false,"excerpt":"Por que as opera\u00e7\u00f5es, que come\u00e7aram em julho, da tropa combinada \u2013 formada pelas For\u00e7as Armadas e policiais \u2013 t\u00eam sido um fracasso contra as quadrilhas que ocupam as favelas do Rio de Janeiro? E por que as opera\u00e7\u00f5es que aconteceram em 2008 e nos anos seguintes foram um sucesso\u2026","rel":"","context":"Em \"Esta Isl\u00e2mico\"","block_context":{"text":"Esta Isl\u00e2mico","link":"https:\/\/carloswagner.jor.br\/blog\/tag\/esta-islamico\/"},"img":{"alt_text":"","src":"https:\/\/i0.wp.com\/agenciabrasil.ebc.com.br\/sites\/_agenciabrasil2013\/files\/styles\/interna_grande\/public\/fotos\/1085213-ffraz_abr_2904161805.jpg?resize=350%2C200","width":350,"height":200},"classes":[]},{"id":5643,"url":"https:\/\/carloswagner.jor.br\/blog\/2022\/05\/31\/qual-e-a-responsabilidade-da-corregedoria-da-prf-no-caso-genivaldo\/","url_meta":{"origin":15102,"position":4},"title":"Qual \u00e9 a responsabilidade da corregedoria da PRF no caso Genivaldo?","author":"Carlos Wagner","date":"31 de maio de 2022","format":false,"excerpt":"\u00c9 a primeira vez que a PRF se envolve com tortura de presos ? Foto: Reprodu\u00e7\u00e3o Uma f\u00f3rmula bem antiga, mas que funciona, \u00e9 a imprensa dar visibilidade \u00e0s corregedorias das pol\u00edcias para evitar que aconte\u00e7am casos como o da absurda morte de Genivaldo de Jesus Santos, 38 anos, sufocado\u2026","rel":"","context":"Em &quot;Geral&quot;","block_context":{"text":"Geral","link":"https:\/\/carloswagner.jor.br\/blog\/category\/geral\/"},"img":{"alt_text":"","src":"https:\/\/i0.wp.com\/carloswagner.jor.br\/blog\/wp-content\/uploads\/2022\/05\/PRFGAS.jpg?resize=350%2C200&ssl=1","width":350,"height":200,"srcset":"https:\/\/i0.wp.com\/carloswagner.jor.br\/blog\/wp-content\/uploads\/2022\/05\/PRFGAS.jpg?resize=350%2C200&ssl=1 1x, https:\/\/i0.wp.com\/carloswagner.jor.br\/blog\/wp-content\/uploads\/2022\/05\/PRFGAS.jpg?resize=525%2C300&ssl=1 1.5x"},"classes":[]},{"id":5859,"url":"https:\/\/carloswagner.jor.br\/blog\/2022\/07\/26\/historia-que-os-seguidores-de-bolsonaro-deixados-para-tras-tem-para-contar\/","url_meta":{"origin":15102,"position":5},"title":"Hist\u00f3ria que os seguidores de Bolsonaro deixados para tr\u00e1s t\u00eam para contar","author":"Carlos Wagner","date":"26 de julho de 2022","format":false,"excerpt":"O que o sucessor do presidente vai encontrar escondido dentro das gavetas? Foto: Reprodu\u00e7\u00e3o No in\u00edcio do governo do presidente Jair Bolsonaro (PL) era comum ouvir dos assessores mais pr\u00f3ximos e dele pr\u00f3prio uma frase muito repetida nos filmes da Segunda Guerra Mundial e ressuscitada com vigor pelas tropas americanas\u2026","rel":"","context":"Em &quot;Geral&quot;","block_context":{"text":"Geral","link":"https:\/\/carloswagner.jor.br\/blog\/category\/geral\/"},"img":{"alt_text":"","src":"https:\/\/i0.wp.com\/carloswagner.jor.br\/blog\/wp-content\/uploads\/2022\/07\/segredosbolsonaro.jpg?resize=350%2C200&ssl=1","width":350,"height":200},"classes":[]}],"jetpack_likes_enabled":true,"_links":{"self":[{"href":"https:\/\/carloswagner.jor.br\/blog\/wp-json\/wp\/v2\/posts\/15102","targetHints":{"allow":["GET"]}}],"collection":[{"href":"https:\/\/carloswagner.jor.br\/blog\/wp-json\/wp\/v2\/posts"}],"about":[{"href":"https:\/\/carloswagner.jor.br\/blog\/wp-json\/wp\/v2\/types\/post"}],"author":[{"embeddable":true,"href":"https:\/\/carloswagner.jor.br\/blog\/wp-json\/wp\/v2\/users\/1"}],"replies":[{"embeddable":true,"href":"https:\/\/carloswagner.jor.br\/blog\/wp-json\/wp\/v2\/comments?post=15102"}],"version-history":[{"count":1,"href":"https:\/\/carloswagner.jor.br\/blog\/wp-json\/wp\/v2\/posts\/15102\/revisions"}],"predecessor-version":[{"id":15104,"href":"https:\/\/carloswagner.jor.br\/blog\/wp-json\/wp\/v2\/posts\/15102\/revisions\/15104"}],"wp:attachment":[{"href":"https:\/\/carloswagner.jor.br\/blog\/wp-json\/wp\/v2\/media?parent=15102"}],"wp:term":[{"taxonomy":"category","embeddable":true,"href":"https:\/\/carloswagner.jor.br\/blog\/wp-json\/wp\/v2\/categories?post=15102"},{"taxonomy":"post_tag","embeddable":true,"href":"https:\/\/carloswagner.jor.br\/blog\/wp-json\/wp\/v2\/tags?post=15102"}],"curies":[{"name":"wp","href":"https:\/\/api.w.org\/{rel}","templated":true}]}}