{"id":15856,"date":"2026-04-28T08:58:55","date_gmt":"2026-04-28T11:58:55","guid":{"rendered":"https:\/\/carloswagner.jor.br\/blog\/?p=15856"},"modified":"2026-04-28T08:58:55","modified_gmt":"2026-04-28T11:58:55","slug":"guerra-no-ira-lula-flavio-e-a-disputa-pelas-manchetes-dos-jornais","status":"publish","type":"post","link":"https:\/\/carloswagner.jor.br\/blog\/2026\/04\/28\/guerra-no-ira-lula-flavio-e-a-disputa-pelas-manchetes-dos-jornais\/","title":{"rendered":"Guerra no Ir\u00e3, Lula, Fl\u00e1vio e a disputa pelas manchetes dos jornais"},"content":{"rendered":"<div class=\"wp-block-image\">\n<figure class=\"aligncenter size-large\"><img data-recalc-dims=\"1\" loading=\"lazy\" decoding=\"async\" width=\"640\" height=\"382\" data-attachment-id=\"15857\" data-permalink=\"https:\/\/carloswagner.jor.br\/blog\/2026\/04\/28\/guerra-no-ira-lula-flavio-e-a-disputa-pelas-manchetes-dos-jornais\/image-62\/\" data-orig-file=\"https:\/\/i0.wp.com\/carloswagner.jor.br\/blog\/wp-content\/uploads\/2026\/04\/image-7.png?fit=2000%2C1194&amp;ssl=1\" data-orig-size=\"2000,1194\" data-comments-opened=\"1\" data-image-meta=\"{&quot;aperture&quot;:&quot;0&quot;,&quot;credit&quot;:&quot;&quot;,&quot;camera&quot;:&quot;&quot;,&quot;caption&quot;:&quot;&quot;,&quot;created_timestamp&quot;:&quot;0&quot;,&quot;copyright&quot;:&quot;&quot;,&quot;focal_length&quot;:&quot;0&quot;,&quot;iso&quot;:&quot;0&quot;,&quot;shutter_speed&quot;:&quot;0&quot;,&quot;title&quot;:&quot;&quot;,&quot;orientation&quot;:&quot;0&quot;}\" data-image-title=\"image\" data-image-description=\"\" data-image-caption=\"\" data-large-file=\"https:\/\/i0.wp.com\/carloswagner.jor.br\/blog\/wp-content\/uploads\/2026\/04\/image-7.png?fit=640%2C382&amp;ssl=1\" src=\"https:\/\/i0.wp.com\/carloswagner.jor.br\/blog\/wp-content\/uploads\/2026\/04\/image-7.png?resize=640%2C382&#038;ssl=1\" alt=\"\" class=\"wp-image-15857\" srcset=\"https:\/\/i0.wp.com\/carloswagner.jor.br\/blog\/wp-content\/uploads\/2026\/04\/image-7.png?resize=1024%2C611&amp;ssl=1 1024w, https:\/\/i0.wp.com\/carloswagner.jor.br\/blog\/wp-content\/uploads\/2026\/04\/image-7.png?resize=300%2C179&amp;ssl=1 300w, https:\/\/i0.wp.com\/carloswagner.jor.br\/blog\/wp-content\/uploads\/2026\/04\/image-7.png?resize=768%2C458&amp;ssl=1 768w, https:\/\/i0.wp.com\/carloswagner.jor.br\/blog\/wp-content\/uploads\/2026\/04\/image-7.png?resize=1536%2C917&amp;ssl=1 1536w, https:\/\/i0.wp.com\/carloswagner.jor.br\/blog\/wp-content\/uploads\/2026\/04\/image-7.png?w=2000&amp;ssl=1 2000w, https:\/\/i0.wp.com\/carloswagner.jor.br\/blog\/wp-content\/uploads\/2026\/04\/image-7.png?w=1280&amp;ssl=1 1280w, https:\/\/i0.wp.com\/carloswagner.jor.br\/blog\/wp-content\/uploads\/2026\/04\/image-7.png?w=1920&amp;ssl=1 1920w\" sizes=\"auto, (max-width: 640px) 100vw, 640px\" \/><figcaption class=\"wp-element-caption\">O que deveriam ser duas &#8220;guerras-rel\u00e2mpago&#8221; se tornaram &#8220;atoleiros&#8221; Foto: Reprodu\u00e7\u00e3o<\/figcaption><\/figure>\n<\/div>\n\n\n<p>Em 28 de fevereiro, o presidente dos Estados Unidos, Donald Trump (republicano), 79 anos, aliado com o primeiro-ministro de Israel, Benjamin Netanyahu, 76 anos, iniciou uma guerra contra o Ir\u00e3. Era para ter sido uma \u201cguerra-rel\u00e2mpago\u201d, devido ao poderio da m\u00e1quina b\u00e9lica americana, que se somou ao grande conhecimento que os servi\u00e7os de intelig\u00eancia de Israel t\u00eam sobre como as coisas funcionam no Ir\u00e3 entre os aiatol\u00e1s e a Guarda Revolucion\u00e1ria. Apesar do cessar-fogo moment\u00e2neo, no pr\u00f3ximo fim de semana o conflito fechar\u00e1 dois meses sem previs\u00e3o de terminar\u200b. At\u00e9 aqui, a guerra j\u00e1 contabiliza mais de 3,5 mil mortos, a maioria civis iranianos, centenas de feridos e bilh\u00f5es de d\u00f3lares em preju\u00edzos com a destrui\u00e7\u00e3o de pr\u00e9dios e da infraestrutura petrol\u00edfera dos pa\u00edses da regi\u00e3o. E se transformou em um atoleiro para Trump. A exemplo do aconteceu com seu amigo e colega, o presidente da R\u00fassia, Vladimir Putin, 73 anos, que em 24 de fevereiro de 2022, no que chamou de \u201copera\u00e7\u00e3o militar especial\u201d, invadiu a Ucr\u00e2nia com a inten\u00e7\u00e3o de anex\u00e1-la. O poderio militar russo se perfila entre os tr\u00eas maiores do mundo, muitas vezes superior ao ucraniano. Mas o que tamb\u00e9m deveria ser uma \u201cguerra-rel\u00e2mpago\u201d vai para o seu sexto ano sem prazo para terminar. J\u00e1 foram mortos e feridos 600 mil ucranianos e 1,2 milh\u00e3o de russos. Durante a sua campanha para presidente, em 2024, Trump prometeu acabar com a guerra da Ucr\u00e2nia com um telefonema.<\/p>\n\n\n\n<p>Claro, os atoleiros em que essas duas guerras se transformaram se devem a dezenas de motivos diferentes. Mas, relendo muitas das mat\u00e9rias que publicanos, encontrei um motivo comum aos dois conflitos. Vamos falar sobre ele. Trata-se da maneira como a hist\u00f3ria foi contada para a opini\u00e3o p\u00fablica. No caso da Ucr\u00e2nia, o presidente do pa\u00eds, Volodymyr Zelenskyy, 48 anos, al\u00e9m de pol\u00edtico, \u00e9 comediante, ator, roteirista, produtor e diretor de cinema, e usou todo o seu conhecimento em comunica\u00e7\u00e3o para mostrar ao mundo um Putin sanguin\u00e1rio, ex-funcion\u00e1rio da KGB, o famigerado servi\u00e7o de intelig\u00eancia e espionagem russo, cujo sonho \u00e9 restabelecer o poder da antiga Uni\u00e3o Sovi\u00e9tica (URSS), o pa\u00eds formado pela reuni\u00e3o de 15 rep\u00fablicas socialistas que se dissolveu com o final da Guerra Fria (1947 \u2013 1991) \u2013 mat\u00e9rias na internet. Portanto, as ambi\u00e7\u00f5es territoriais de Putin n\u00e3o iriam parar na Ucr\u00e2nia. Zelenskyy persuadiu os 32 pa\u00edses da Organiza\u00e7\u00e3o do Tratado do Atl\u00e2ntico Norte (OTAN), que inclui os Estados Unidos, a apoi\u00e1-lo com armas e dinheiro. E o apoio da OTAN tem sido fundamental para a Ucr\u00e2nia ter virado um atoleiro para Putin. Sobre o atoleiro do Ir\u00e3, Trump justificou a sua alian\u00e7a com o primeiro-ministro de Israel usando o argumento de que o regime dos aiatol\u00e1s estava enriquecendo ur\u00e2nio para fabricar uma bomba at\u00f4mica. Contou a hist\u00f3ria com tal convic\u00e7\u00e3o que conseguiu convencer parte importante da opini\u00e3o p\u00fablica. O presidente americano trabalhou muitos anos em televis\u00e3o e domina a arte da comunica\u00e7\u00e3o. Segundo o ex-presidente americano Joe Biden (democrata), 81 anos, Trump \u00e9 \u201cum mentiroso profissional\u201d. Nas primeiras semanas da guerra com o Ir\u00e3, a vers\u00e3o do presidente americano come\u00e7ou a desmoronar, como publiquei em 20 de mar\u00e7o no post&nbsp;<em>At\u00e9 onde Trump pretende ir com a guerra no Ir\u00e3?<\/em>&nbsp;Repito parte do texto. \u201cUm fato surpreendente aconteceu na ter\u00e7a-feira (17\/03). A demiss\u00e3o de Joseph Kent, 45 anos, que ocupava o cargo de diretor do Centro Nacional de Contraterrorismo do governo Trump. Saiu atirando: \u2018N\u00e3o posso, em s\u00e3 consci\u00eancia, apoiar a guerra em curso no Ir\u00e3. O Ir\u00e3 n\u00e3o representava nenhuma amea\u00e7a iminente a nossa na\u00e7\u00e3o, e \u00e9 evidente que iniciamos esta guerra devido \u00e0 press\u00e3o de Israel e de seu poderoso lobby americano\u201d. Acrescentou que \u201cno in\u00edcio do mandato de Trump altos funcion\u00e1rios do governo israelense e a m\u00eddia americana lan\u00e7aram uma campanha para desmoralizar a principal bandeira do presidente, o \u2018Am\u00e9rica em primeiro lugar\u2019, e preparar o campo para a invas\u00e3o do Ir\u00e3\u201d.<\/p>\n\n\n\n<p>Trump \u00e9 um homem de comunica\u00e7\u00e3o. Mas n\u00e3o \u00e9 p\u00e1reo para o experiente pol\u00edtico em rela\u00e7\u00f5es internacionais que \u00e9 o primeiro-ministro de Israel. A hist\u00f3ria que colou na opini\u00e3o p\u00fablica \u00e9 que Netanyahu convenceu o presidente americano que a guerra contra o Ir\u00e3 seria resolvida rapidamente. N\u00e3o foi. Usando tecnologia de baixo custo, os iranianos revidaram atacando 36 bases militares americanas na regi\u00e3o e instala\u00e7\u00f5es petrol\u00edferas de pa\u00edses aliados dos Estados Unidos. E usando a geografia a seu favor: nos primeiros dias da guerra, o Ir\u00e3 bloqueou o Estreito de Ormuz, um estrangulamento do mar que liga o Golfo P\u00e9rsico ao Golfo de Om\u00e3, por onde passa diariamente 20% da produ\u00e7\u00e3o mundial de petr\u00f3leo. S\u00f3 passavam navios iranianos com o petr\u00f3leo para os seus clientes. Para pressionar, a Marinha dos Estados Unidos fechou a passagem para esses navios: agora, ningu\u00e9m entra ou sai dos portos iranianos. J\u00e1 foram feitos e desfeitos v\u00e1rios acordos entre americanos e iranianos para a libera\u00e7\u00e3o do estreito. As negocia\u00e7\u00f5es est\u00e3o acontecendo no Paquist\u00e3o e s\u00e3o coordenadas pelo primeiro-ministro paquistan\u00eas, Shehbaz Sharif, 74 anos. At\u00e9 aqui, todas fracassaram \u2013 h\u00e1 farto material sobre o assunto nos jornais. Enquanto isso, os pre\u00e7os do petr\u00f3leo continuam oscilando conforme o humor dos negociadores. Fato \u00e9 o seguinte. Israel e Ir\u00e3 vivem em uma guerra permanente. A presen\u00e7a dos americanos espalhou o conflito ao redor do planeta, porque mexeu com os pre\u00e7os dos combust\u00edveis. E colocou o assunto como a principal manchete dos notici\u00e1rios. S\u00f3 para se ter uma ideia. Sendo 2026 um importante ano no calend\u00e1rio eleitoral brasileiro, a cinco meses da realiza\u00e7\u00e3o do primeiro turno as elei\u00e7\u00f5es deveriam ser o assunto principal dos jornais. Mas n\u00e3o s\u00e3o. A campanha pol\u00edtica est\u00e1 perdendo espa\u00e7os nobres para a guerra no Ir\u00e3. Caso persista o conflito, acabar\u00e1 influenciando as elei\u00e7\u00f5es, especialmente para a Presid\u00eancia da Rep\u00fablica, que tem o atual presidente, Luiz In\u00e1cio Lula da Silva (PT), 80 anos, concorrendo \u00e0 reelei\u00e7\u00e3o, tendo como principal advers\u00e1rio o senador Fl\u00e1vio Bolsonaro (PL-RJ), filho do ex-presidente Jair Bolsonaro (PL), 70 anos, que cumpre pena de 27 anos de pris\u00e3o por ter se envolvido em uma tentativa de golpe de estado. Fl\u00e1vio e a sua fam\u00edlia s\u00e3o aliados pol\u00edticos de Trump e defendem o alinhamento ideol\u00f3gico do Brasil com os Estados Unidos. Lula defende a soberania nacional.<\/p>\n\n\n\n<p>Para fechar a nossa conversa. N\u00e3o tem como escrever uma hist\u00f3ria sem falar na guerra do Ir\u00e3 porque ela mexe com todo mundo. Claro, se um pa\u00eds for produtor de petr\u00f3leo e ter tecnologias alternativas para baratear o custo da energia, como \u00e9 o caso do Brasil, consegue navegar com mais tranquilidade nessa situa\u00e7\u00e3o. Mas n\u00e3o tem como escapar dos danos causados pela alta do custo do petr\u00f3leo, uma commodity cujo pre\u00e7o \u00e9 determinado pela lei da oferta e da demanda. O bloqueio do Estreito de Ormuz diminui a oferta de petr\u00f3leo no mundo. \u00c9 simples assim, como se diz nas mesas de jornalistas nos botecos.<\/p>\n","protected":false},"excerpt":{"rendered":"<p>Em 28 de fevereiro, o presidente dos Estados Unidos, Donald Trump (republicano), 79 anos, aliado com o primeiro-ministro de Israel, Benjamin Netanyahu, 76 anos, iniciou uma guerra contra o Ir\u00e3. Era para ter sido uma \u201cguerra-rel\u00e2mpago\u201d, devido ao poderio da m\u00e1quina b\u00e9lica americana, que se somou ao grande conhecimento que os servi\u00e7os de intelig\u00eancia de <a class=\"read-more\" href=\"https:\/\/carloswagner.jor.br\/blog\/2026\/04\/28\/guerra-no-ira-lula-flavio-e-a-disputa-pelas-manchetes-dos-jornais\/\">Read More&#8230;<\/a><\/p>\n","protected":false},"author":1,"featured_media":0,"comment_status":"open","ping_status":"open","sticky":false,"template":"","format":"standard","meta":{"jetpack_post_was_ever_published":false,"_jetpack_newsletter_access":"","_jetpack_dont_email_post_to_subs":false,"_jetpack_newsletter_tier_id":0,"_jetpack_memberships_contains_paywalled_content":false,"_jetpack_memberships_contains_paid_content":false,"footnotes":"","jetpack_publicize_message":"","jetpack_publicize_feature_enabled":true,"jetpack_social_post_already_shared":true,"jetpack_social_options":{"image_generator_settings":{"template":"highway","default_image_id":0,"font":"","enabled":false},"version":2}},"categories":[1],"tags":[3263,3264,1820,3262,2639,2988,77],"class_list":["post-15856","post","type-post","status-publish","format-standard","hentry","category-geral","tag-eleicao-presidenciais","tag-estreito","tag-flavio-bolsonaro","tag-guerra-do-ira","tag-ira","tag-reeleicao-do-lula","tag-trump"],"jetpack_publicize_connections":[],"jetpack_featured_media_url":"","jetpack_sharing_enabled":true,"jetpack_shortlink":"https:\/\/wp.me\/p7Requ-47K","jetpack-related-posts":[{"id":14912,"url":"https:\/\/carloswagner.jor.br\/blog\/2026\/03\/06\/como-os-eleitores-de-trump-reagirao-a-uma-guerra-prolongada-com-o-ira\/","url_meta":{"origin":15856,"position":0},"title":"Como os eleitores de Trump reagir\u00e3o a uma guerra prolongada com o Ir\u00e3?","author":"Carlos Wagner","date":"6 de mar\u00e7o de 2026","format":false,"excerpt":"O ministro de Israel aposta em um Ir\u00e3 dividido, Trump s\u00f3 quer algu\u00e9m para negociar Foto: EBC Nos pr\u00f3ximos dias dever\u00e1 se ter uma ideia do rumo que vai tomar a guerra dos Estados Unidos e seu aliado Israel contra o Ir\u00e3. Independentemente do desdobramento do conflito, Trump j\u00e1 est\u00e1\u2026","rel":"","context":"Em &quot;Geral&quot;","block_context":{"text":"Geral","link":"https:\/\/carloswagner.jor.br\/blog\/category\/geral\/"},"img":{"alt_text":"","src":"https:\/\/i0.wp.com\/carloswagner.jor.br\/blog\/wp-content\/uploads\/2026\/03\/image-1.png?resize=350%2C200&ssl=1","width":350,"height":200,"srcset":"https:\/\/i0.wp.com\/carloswagner.jor.br\/blog\/wp-content\/uploads\/2026\/03\/image-1.png?resize=350%2C200&ssl=1 1x, https:\/\/i0.wp.com\/carloswagner.jor.br\/blog\/wp-content\/uploads\/2026\/03\/image-1.png?resize=525%2C300&ssl=1 1.5x, https:\/\/i0.wp.com\/carloswagner.jor.br\/blog\/wp-content\/uploads\/2026\/03\/image-1.png?resize=700%2C400&ssl=1 2x, https:\/\/i0.wp.com\/carloswagner.jor.br\/blog\/wp-content\/uploads\/2026\/03\/image-1.png?resize=1050%2C600&ssl=1 3x, https:\/\/i0.wp.com\/carloswagner.jor.br\/blog\/wp-content\/uploads\/2026\/03\/image-1.png?resize=1400%2C800&ssl=1 4x"},"classes":[]},{"id":15159,"url":"https:\/\/carloswagner.jor.br\/blog\/2026\/03\/20\/ate-onde-trump-pretende-ir-com-a-guerra-no-ira\/","url_meta":{"origin":15856,"position":1},"title":"At\u00e9 onde Trump pretende ir com a guerra no Ir\u00e3?","author":"Carlos Wagner","date":"20 de mar\u00e7o de 2026","format":false,"excerpt":"Imprensa precisa contar melhor a hist\u00f3ria da sa\u00edda de Joe Kent do governo Trump Foto: EBC Qual \u00e9 o futuro da guerra entre a alian\u00e7a dos Estados Unidos e Israel contra o Ir\u00e3? Se jogarmos uma moeda para cima para decidir no cara ou coroa, \u00e9 prov\u00e1vel que ela caia\u2026","rel":"","context":"Em &quot;Geral&quot;","block_context":{"text":"Geral","link":"https:\/\/carloswagner.jor.br\/blog\/category\/geral\/"},"img":{"alt_text":"","src":"https:\/\/i0.wp.com\/carloswagner.jor.br\/blog\/wp-content\/uploads\/2026\/03\/image-5.png?resize=350%2C200&ssl=1","width":350,"height":200,"srcset":"https:\/\/i0.wp.com\/carloswagner.jor.br\/blog\/wp-content\/uploads\/2026\/03\/image-5.png?resize=350%2C200&ssl=1 1x, https:\/\/i0.wp.com\/carloswagner.jor.br\/blog\/wp-content\/uploads\/2026\/03\/image-5.png?resize=525%2C300&ssl=1 1.5x, https:\/\/i0.wp.com\/carloswagner.jor.br\/blog\/wp-content\/uploads\/2026\/03\/image-5.png?resize=700%2C400&ssl=1 2x, https:\/\/i0.wp.com\/carloswagner.jor.br\/blog\/wp-content\/uploads\/2026\/03\/image-5.png?resize=1050%2C600&ssl=1 3x"},"classes":[]},{"id":15575,"url":"https:\/\/carloswagner.jor.br\/blog\/2026\/04\/10\/trump-arrasta-a-economia-mundial-para-o-atoleiro-da-guerra-do-ira\/","url_meta":{"origin":15856,"position":2},"title":"Trump arrasta a economia mundial para o \u201catoleiro da guerra do Ir\u00e3\u201d","author":"Carlos Wagner","date":"10 de abril de 2026","format":false,"excerpt":"As amea\u00e7as do presidente americano n\u00e3o assustaram os aiatol\u00e1s Foto: EBC Subiu no telhado, como diz o povo para explicar de forma sutil que algo deu errado, o acordo entre Estados Unidos e Ir\u00e3 para um cessar-fogo de duas semanas na guerra iniciada em 28 de fevereiro, quando os americanos\u2026","rel":"","context":"Em &quot;Geral&quot;","block_context":{"text":"Geral","link":"https:\/\/carloswagner.jor.br\/blog\/category\/geral\/"},"img":{"alt_text":"","src":"https:\/\/i0.wp.com\/carloswagner.jor.br\/blog\/wp-content\/uploads\/2026\/04\/image-2.png?resize=350%2C200&ssl=1","width":350,"height":200,"srcset":"https:\/\/i0.wp.com\/carloswagner.jor.br\/blog\/wp-content\/uploads\/2026\/04\/image-2.png?resize=350%2C200&ssl=1 1x, https:\/\/i0.wp.com\/carloswagner.jor.br\/blog\/wp-content\/uploads\/2026\/04\/image-2.png?resize=525%2C300&ssl=1 1.5x, https:\/\/i0.wp.com\/carloswagner.jor.br\/blog\/wp-content\/uploads\/2026\/04\/image-2.png?resize=700%2C400&ssl=1 2x, https:\/\/i0.wp.com\/carloswagner.jor.br\/blog\/wp-content\/uploads\/2026\/04\/image-2.png?resize=1050%2C600&ssl=1 3x"},"classes":[]},{"id":15375,"url":"https:\/\/carloswagner.jor.br\/blog\/2026\/03\/31\/a-imprensa-os-precos-dos-combustiveis-e-trump-no-atoleiro-da-guerra-do-ira\/","url_meta":{"origin":15856,"position":3},"title":"A imprensa, os pre\u00e7os dos combust\u00edveis e Trump no &#8220;atoleiro&#8221; da guerra do Ir\u00e3","author":"Carlos Wagner","date":"31 de mar\u00e7o de 2026","format":false,"excerpt":"Ir\u00e3 acusa EUA de propor negocia\u00e7\u00f5es enquanto planejam invadir o pa\u00eds Foto: EBC N\u00e3o podia ser diferente. Ao redor do planeta, os pre\u00e7os dos combust\u00edveis n\u00e3o param de subir desde o final de fevereiro, quando foram disparados os primeiros m\u00edsseis por Estados Unidos e Israel contra o Ir\u00e3. O conflito\u2026","rel":"","context":"Em &quot;Geral&quot;","block_context":{"text":"Geral","link":"https:\/\/carloswagner.jor.br\/blog\/category\/geral\/"},"img":{"alt_text":"","src":"https:\/\/i0.wp.com\/carloswagner.jor.br\/blog\/wp-content\/uploads\/2026\/03\/image-9.png?resize=350%2C200&ssl=1","width":350,"height":200,"srcset":"https:\/\/i0.wp.com\/carloswagner.jor.br\/blog\/wp-content\/uploads\/2026\/03\/image-9.png?resize=350%2C200&ssl=1 1x, https:\/\/i0.wp.com\/carloswagner.jor.br\/blog\/wp-content\/uploads\/2026\/03\/image-9.png?resize=525%2C300&ssl=1 1.5x, https:\/\/i0.wp.com\/carloswagner.jor.br\/blog\/wp-content\/uploads\/2026\/03\/image-9.png?resize=700%2C400&ssl=1 2x, https:\/\/i0.wp.com\/carloswagner.jor.br\/blog\/wp-content\/uploads\/2026\/03\/image-9.png?resize=1050%2C600&ssl=1 3x"},"classes":[]},{"id":15631,"url":"https:\/\/carloswagner.jor.br\/blog\/2026\/04\/14\/a-imprensa-as-provocacoes-de-trump-os-profetas-do-caos-e-as-naves-espaciais\/","url_meta":{"origin":15856,"position":4},"title":"A imprensa, as provoca\u00e7\u00f5es de Trump, os profetas do caos e as naves espaciais","author":"Carlos Wagner","date":"14 de abril de 2026","format":false,"excerpt":"N\u00e3o houve acordo para o cessar-fogo entre o Ir\u00e3 e EUA. E agora? Foto: EBC N\u00e3o existem muitos destinos \u00e0 espera das negocia\u00e7\u00f5es de cessar-fogo na guerra entre Estados Unidos e Ir\u00e3, iniciadas e interrompidas sem acordo, no \u00faltimo fim de semana, em Islamabad, a capital do Paquist\u00e3o. Um dos\u2026","rel":"","context":"Em &quot;Geral&quot;","block_context":{"text":"Geral","link":"https:\/\/carloswagner.jor.br\/blog\/category\/geral\/"},"img":{"alt_text":"","src":"https:\/\/i0.wp.com\/carloswagner.jor.br\/blog\/wp-content\/uploads\/2026\/04\/image-3.png?resize=350%2C200&ssl=1","width":350,"height":200,"srcset":"https:\/\/i0.wp.com\/carloswagner.jor.br\/blog\/wp-content\/uploads\/2026\/04\/image-3.png?resize=350%2C200&ssl=1 1x, https:\/\/i0.wp.com\/carloswagner.jor.br\/blog\/wp-content\/uploads\/2026\/04\/image-3.png?resize=525%2C300&ssl=1 1.5x, https:\/\/i0.wp.com\/carloswagner.jor.br\/blog\/wp-content\/uploads\/2026\/04\/image-3.png?resize=700%2C400&ssl=1 2x, https:\/\/i0.wp.com\/carloswagner.jor.br\/blog\/wp-content\/uploads\/2026\/04\/image-3.png?resize=1050%2C600&ssl=1 3x"},"classes":[]},{"id":15041,"url":"https:\/\/carloswagner.jor.br\/blog\/2026\/03\/13\/guerras-contadas-pela-imprensa-terminam-as-ignoradas-nao-tem-fim\/","url_meta":{"origin":15856,"position":5},"title":"Guerras contadas pela imprensa terminam. As ignoradas n\u00e3o t\u00eam fim","author":"Carlos Wagner","date":"13 de mar\u00e7o de 2026","format":false,"excerpt":"A infla\u00e7\u00e3o provocada pela guerra com o Ir\u00e3 encurralo o Trump Foto: EBC Meses antes de ser disparado o primeiro m\u00edssil na guerra dos Estados Unidos e seu aliado Israel contra o Ir\u00e3, a not\u00edcia de que haveria o disparo j\u00e1 era manchete de capa nos jornais pelo mundo afora.\u2026","rel":"","context":"Em &quot;Geral&quot;","block_context":{"text":"Geral","link":"https:\/\/carloswagner.jor.br\/blog\/category\/geral\/"},"img":{"alt_text":"","src":"https:\/\/i0.wp.com\/carloswagner.jor.br\/blog\/wp-content\/uploads\/2026\/03\/image-3.png?resize=350%2C200&ssl=1","width":350,"height":200,"srcset":"https:\/\/i0.wp.com\/carloswagner.jor.br\/blog\/wp-content\/uploads\/2026\/03\/image-3.png?resize=350%2C200&ssl=1 1x, https:\/\/i0.wp.com\/carloswagner.jor.br\/blog\/wp-content\/uploads\/2026\/03\/image-3.png?resize=525%2C300&ssl=1 1.5x, https:\/\/i0.wp.com\/carloswagner.jor.br\/blog\/wp-content\/uploads\/2026\/03\/image-3.png?resize=700%2C400&ssl=1 2x, https:\/\/i0.wp.com\/carloswagner.jor.br\/blog\/wp-content\/uploads\/2026\/03\/image-3.png?resize=1050%2C600&ssl=1 3x"},"classes":[]}],"jetpack_likes_enabled":true,"_links":{"self":[{"href":"https:\/\/carloswagner.jor.br\/blog\/wp-json\/wp\/v2\/posts\/15856","targetHints":{"allow":["GET"]}}],"collection":[{"href":"https:\/\/carloswagner.jor.br\/blog\/wp-json\/wp\/v2\/posts"}],"about":[{"href":"https:\/\/carloswagner.jor.br\/blog\/wp-json\/wp\/v2\/types\/post"}],"author":[{"embeddable":true,"href":"https:\/\/carloswagner.jor.br\/blog\/wp-json\/wp\/v2\/users\/1"}],"replies":[{"embeddable":true,"href":"https:\/\/carloswagner.jor.br\/blog\/wp-json\/wp\/v2\/comments?post=15856"}],"version-history":[{"count":1,"href":"https:\/\/carloswagner.jor.br\/blog\/wp-json\/wp\/v2\/posts\/15856\/revisions"}],"predecessor-version":[{"id":15858,"href":"https:\/\/carloswagner.jor.br\/blog\/wp-json\/wp\/v2\/posts\/15856\/revisions\/15858"}],"wp:attachment":[{"href":"https:\/\/carloswagner.jor.br\/blog\/wp-json\/wp\/v2\/media?parent=15856"}],"wp:term":[{"taxonomy":"category","embeddable":true,"href":"https:\/\/carloswagner.jor.br\/blog\/wp-json\/wp\/v2\/categories?post=15856"},{"taxonomy":"post_tag","embeddable":true,"href":"https:\/\/carloswagner.jor.br\/blog\/wp-json\/wp\/v2\/tags?post=15856"}],"curies":[{"name":"wp","href":"https:\/\/api.w.org\/{rel}","templated":true}]}}