{"id":15902,"date":"2026-05-01T09:00:55","date_gmt":"2026-05-01T12:00:55","guid":{"rendered":"https:\/\/carloswagner.jor.br\/blog\/?p=15902"},"modified":"2026-05-01T09:00:55","modified_gmt":"2026-05-01T12:00:55","slug":"as-diferencas-entre-a-cobertura-das-eleicoes-na-era-do-jornal-papel-e-na-digital","status":"publish","type":"post","link":"https:\/\/carloswagner.jor.br\/blog\/2026\/05\/01\/as-diferencas-entre-a-cobertura-das-eleicoes-na-era-do-jornal-papel-e-na-digital\/","title":{"rendered":"As diferen\u00e7as entre a cobertura das elei\u00e7\u00f5es na era do jornal papel e na digital"},"content":{"rendered":"<div class=\"wp-block-image\">\n<figure class=\"aligncenter size-full\"><img data-recalc-dims=\"1\" loading=\"lazy\" decoding=\"async\" width=\"640\" height=\"441\" data-attachment-id=\"15903\" data-permalink=\"https:\/\/carloswagner.jor.br\/blog\/2026\/05\/01\/as-diferencas-entre-a-cobertura-das-eleicoes-na-era-do-jornal-papel-e-na-digital\/image-63\/\" data-orig-file=\"https:\/\/i0.wp.com\/carloswagner.jor.br\/blog\/wp-content\/uploads\/2026\/05\/image.png?fit=660%2C455&amp;ssl=1\" data-orig-size=\"660,455\" data-comments-opened=\"1\" data-image-meta=\"{&quot;aperture&quot;:&quot;0&quot;,&quot;credit&quot;:&quot;&quot;,&quot;camera&quot;:&quot;&quot;,&quot;caption&quot;:&quot;&quot;,&quot;created_timestamp&quot;:&quot;0&quot;,&quot;copyright&quot;:&quot;&quot;,&quot;focal_length&quot;:&quot;0&quot;,&quot;iso&quot;:&quot;0&quot;,&quot;shutter_speed&quot;:&quot;0&quot;,&quot;title&quot;:&quot;&quot;,&quot;orientation&quot;:&quot;0&quot;}\" data-image-title=\"image\" data-image-description=\"\" data-image-caption=\"\" data-large-file=\"https:\/\/i0.wp.com\/carloswagner.jor.br\/blog\/wp-content\/uploads\/2026\/05\/image.png?fit=640%2C441&amp;ssl=1\" src=\"https:\/\/i0.wp.com\/carloswagner.jor.br\/blog\/wp-content\/uploads\/2026\/05\/image.png?resize=640%2C441&#038;ssl=1\" alt=\"\" class=\"wp-image-15903\" srcset=\"https:\/\/i0.wp.com\/carloswagner.jor.br\/blog\/wp-content\/uploads\/2026\/05\/image.png?w=660&amp;ssl=1 660w, https:\/\/i0.wp.com\/carloswagner.jor.br\/blog\/wp-content\/uploads\/2026\/05\/image.png?resize=300%2C207&amp;ssl=1 300w\" sizes=\"auto, (max-width: 640px) 100vw, 640px\" \/><figcaption class=\"wp-element-caption\">As faculdades precisam se adaptar \u00e0s novas demandas da profiss\u00e3o Foto: Reprodu\u00e7\u00e3o<\/figcaption><\/figure>\n<\/div>\n\n\n<p>Qual \u00e9 a diferen\u00e7a entre a cobertura que a imprensa fazia das elei\u00e7\u00f5es no tempo das barulhentas m\u00e1quinas de escrever, a era anal\u00f3gica do jornal de papel, e a dos dias atuais, a era do jornal digital, em que as mat\u00e9rias s\u00e3o escritas em terminais silenciosos conectados \u00e0 internet e dotados de intelig\u00eancia artificial (IA)? Separando essas duas eras existe uma infinidade de diferen\u00e7as t\u00e9cnicas. Mas os pilares do jornalismo continuam sendo os mesmos. Por 2026 ser um ano de elei\u00e7\u00f5es, com destaque para a presidencial, vamos falar sobre o assunto.<\/p>\n\n\n\n<p>Vou tratar do assunto com base no meu testemunho. Trabalhei em reda\u00e7\u00e3o de 1979 a 2014. Portanto, cobri campanhas eleitorais tanta na era anal\u00f3gica e quanto na digital. Atualmente, sigo na lide de rep\u00f3rter, andando pelas estradas em busca de hist\u00f3rias para contar. E para encontrar boas hist\u00f3ria \u00e9 preciso estar 24 horas por dia atento, ou \u201ccom as antenas ligadas\u201d, como se dizia nas mesas de jornalistas nos botecos na d\u00e9cada de 70. As reda\u00e7\u00f5es dos grandes jornais da era anal\u00f3gica usavam a tecnologia de ponta da \u00e9poca. Lembro-me que no final da d\u00e9cada de 80 houve uma tentativa de trocar as m\u00e1quinas de escrever manuais, que era mais esmurradas pelos rep\u00f3rteres do que o rosto de um boxeador, por el\u00e9tricas. N\u00e3o deu certo por v\u00e1rios motivos, um deles porque era um equipamento que exigia mais cuidados no manuseio. Na m\u00e1quina manual, n\u00e3o apenas se espancava as teclas com energia, mas tamb\u00e9m se podia, por exemplo, coloc\u00e1-la \u201cem p\u00e9\u201d (virada na vertical) para fazer espa\u00e7o na mesa ou prender o cigarro acesso entre as teclas para arrumar o texto com uma caneta diretamente na lauda, entre outras praticidades. O problema era acompanhar os candidatos nas viagens de campanha. Nos hot\u00e9is, geralmente era preciso \u201cbater\u201d a mat\u00e9ria \u00e0 noite, muitas vezes de madrugada. E o barulho das teclas acordava e irritava os h\u00f3spedes. Desenvolvi uma t\u00e9cnica para abafar o som do teclado. Colocava a m\u00e1quina em cima de travesseiros, o que diminu\u00eda o ru\u00eddo. Na era anal\u00f3gica, as mat\u00e9rias traziam mais conte\u00fados de bastidores do que nos dias atuais. Por qu\u00ea? Em primeiro lugar, os jornais tinham dinheiro para custear as viagens dos rep\u00f3rteres em busca dos bastidores das not\u00edcias. O bastidor sempre d\u00e1 um molho especial \u00e0 reportagem. Mais ainda: havia muitos rep\u00f3rteres nas reda\u00e7\u00f5es. O que tornava a carga de trabalho menor e dava mais tempo para a apura\u00e7\u00e3o das informa\u00e7\u00f5es. Dentro dessa realidade, os colunistas pol\u00edticos da \u00e9poca tinham tempo para \u201ctomar um cafezinho\u201d com as fontes e esmiu\u00e7ar as entranhas dos acontecimentos. A cobertura das elei\u00e7\u00f5es na era anal\u00f3gica tamb\u00e9m oferecia ao jornalista a oportunidade de mostrar aos moradores das grandes cidades como era a vida das pessoas nos long\u00ednquos sert\u00f5es do Brasil. Na era das reda\u00e7\u00f5es digitais, o dinheiro \u00e9 escasso para custear as despesas da apura\u00e7\u00e3o das mat\u00e9rias. E o contingente de rep\u00f3rteres \u00e9 reduzido e insuficiente para dar conta de uma carga de trabalho imensa, que consiste em abastecer com textos, imagens e \u00e1udios as diversas plataformas de comunica\u00e7\u00e3o da empresa. E o sal\u00e1rio da categoria \u00e9 um dos menores da hist\u00f3ria.<\/p>\n\n\n\n<p>Nos dias atuais, as coberturas jornal\u00edsticas s\u00e3o praticamente online. A marca registrada do jornal digital \u00e9 a grande quantidade de equipamentos de \u00faltima gera\u00e7\u00e3o \u00e0 disposi\u00e7\u00e3o dos rep\u00f3rteres, o que facilitam o acesso instant\u00e2neo \u00e0s fontes ao redor do mundo. Outra marca registrada s\u00e3o as pesquisas eleitorais, que s\u00e3o detalhadas e com um grau razo\u00e1vel de precis\u00e3o. A leitura da pesquisa oferece informa\u00e7\u00f5es preciosas que ajudam o rep\u00f3rter a entender a arquitetura dos acontecimentos. Aqui quero chamar a aten\u00e7\u00e3o para o seguinte. A rearticula\u00e7\u00e3o da extrema direita ao redor do mundo vem mudando o perfil da disputa pol\u00edtica. Para entendermos como essas mudan\u00e7as v\u00eam acontecendo \u00e9 necess\u00e1rio o trabalho de campo. A velha e eficiente \u201cinvestiga\u00e7\u00e3o jornal\u00edstica\u201d, que exige o cruzamento de informa\u00e7\u00f5es, a exaustiva checagem dos fatos e muita sola de sapato gasta na busca de respostas. Esse tipo de apura\u00e7\u00e3o custa caro e exige um contingente respeit\u00e1vel de rep\u00f3rteres. Como faltam recursos para esse trabalho, as reda\u00e7\u00f5es est\u00e3o expostas \u00e0s \u201cf\u00e1bricas de fake news\u201d, que s\u00e3o articuladas, \u00e1geis e muito eficientes na distribui\u00e7\u00e3o de mentiras. Claro que a escassez de recursos tamb\u00e9m prejudica o trabalho dos comentaristas pol\u00edticos. Afirmo o seguinte: tendo em vista o atual quadro de car\u00eancia de pessoal nas reda\u00e7\u00f5es, tem crescido a participa\u00e7\u00e3o de mat\u00e9rias fornecidas pelas assessorias de imprensa. Evidentemente, a assessoria de imprensa d\u00e1 a vers\u00e3o dos fatos do seu cliente. H\u00e1 uma enormidade de pesquisas mostrando que o p\u00fablico vem migrando na busca de informa\u00e7\u00f5es dos jornais para as redes sociais. Tenho dito nas palestras que fa\u00e7o para estudantes de jornalismo e outros p\u00fablicos que n\u00e3o sou defensor do \u201capocalipse do jornalismo\u201d. Acredito que encontraremos uma maneira de continuarmos relevantes para os nossos leitores. Lembro que durante o regime militar (1964 \u2013 1985) a censura \u00e0 imprensa foi brutal. E os jornalistas se organizaram e montaram a \u201cimprensa alternativa\u201d, que publicou jornais como o Pasquim (Rio de Janeiro) e o Coojornal (Porto Alegre), al\u00e9m de livros e revistas. Na \u00e9poca, fazer um jornal custava uma fortuna porque tinta, papel e \u00f3leo diesel usado pelos caminh\u00f5es na distribui\u00e7\u00e3o da publica\u00e7\u00e3o eram importados. Atualmente, os custos s\u00e3o infinitamente menores. N\u00e3o s\u00e3o mais necess\u00e1rios pr\u00e9dio, m\u00e1quinas e ve\u00edculos, por exemplo. O que falta? Falta n\u00f3s rep\u00f3rteres nos darmos conta da dif\u00edcil realidade que estamos enfrentando. E come\u00e7armos a reagir. J\u00e1 existem muitos blogs, jornais digitais e programas de r\u00e1dio e TV funcionando com sucesso. \u00c9 um bom come\u00e7o.<\/p>\n\n\n\n<p>Para arrematar a nossa conversa. Para sobrevivermos aos novos tempos \u00e9 necess\u00e1rio fazer uma revis\u00e3o no curr\u00edculo das faculdades de jornalismo. N\u00e3o sou especialista no assunto. Mas precisamos aprender a administrar os nossos neg\u00f3cios. Hoje, tal conhecimento \u00e9 indispens\u00e1vel. Tamb\u00e9m precisamos intensificar as conversas entre n\u00f3s sobre a realidade que nos cerca. Como mostra o Ranking Mundial da Imprensa, disponibilizado na internet pela organiza\u00e7\u00e3o Rep\u00f3rteres Sem Fronteira, as coisas est\u00e3o mais complicadas do que pensamos.<\/p>\n","protected":false},"excerpt":{"rendered":"<p>Qual \u00e9 a diferen\u00e7a entre a cobertura que a imprensa fazia das elei\u00e7\u00f5es no tempo das barulhentas m\u00e1quinas de escrever, a era anal\u00f3gica do jornal de papel, e a dos dias atuais, a era do jornal digital, em que as mat\u00e9rias s\u00e3o escritas em terminais silenciosos conectados \u00e0 internet e dotados de intelig\u00eancia artificial (IA)? <a class=\"read-more\" href=\"https:\/\/carloswagner.jor.br\/blog\/2026\/05\/01\/as-diferencas-entre-a-cobertura-das-eleicoes-na-era-do-jornal-papel-e-na-digital\/\">Read More&#8230;<\/a><\/p>\n","protected":false},"author":1,"featured_media":0,"comment_status":"open","ping_status":"open","sticky":false,"template":"","format":"standard","meta":{"jetpack_post_was_ever_published":false,"_jetpack_newsletter_access":"","_jetpack_dont_email_post_to_subs":false,"_jetpack_newsletter_tier_id":0,"_jetpack_memberships_contains_paywalled_content":false,"_jetpack_memberships_contains_paid_content":false,"footnotes":"","jetpack_publicize_message":"","jetpack_publicize_feature_enabled":true,"jetpack_social_post_already_shared":true,"jetpack_social_options":{"image_generator_settings":{"template":"highway","default_image_id":0,"font":"","enabled":false},"version":2}},"categories":[1],"tags":[3265,1812,3266,296,1316],"class_list":["post-15902","post","type-post","status-publish","format-standard","hentry","category-geral","tag-cobertura-eleicoes-jornal-papel","tag-flavio","tag-jornal-digital","tag-lula","tag-redacao-de-jornal"],"jetpack_publicize_connections":[],"jetpack_featured_media_url":"","jetpack_sharing_enabled":true,"jetpack_shortlink":"https:\/\/wp.me\/p7Requ-48u","jetpack-related-posts":[{"id":4754,"url":"https:\/\/carloswagner.jor.br\/blog\/2021\/08\/24\/imprensa-nao-detalhou-como-os-partidos-calcularam-o-custo-das-eleicoes-de-2022\/","url_meta":{"origin":15902,"position":0},"title":"Imprensa n\u00e3o detalhou como os partidos calcularam o custo das elei\u00e7\u00f5es de 2022","author":"Carlos Wagner","date":"24 de agosto de 2021","format":false,"excerpt":"\u00c9 preciso explicar ao leitor a contabilidade dos partidos . Foto: Reprodu\u00e7\u00e3o N\u00e3o \u00e9 s\u00f3 por se tratar de verbas p\u00fablicas. Mas tamb\u00e9m para assegurar o m\u00ednimo de igualdade na disputa eleitoral entre os candidatos \u00e9 necess\u00e1rio que a imprensa mergulhe na contabilidade dos partidos pol\u00edticos para saber quanto custa\u2026","rel":"","context":"Em &quot;Geral&quot;","block_context":{"text":"Geral","link":"https:\/\/carloswagner.jor.br\/blog\/category\/geral\/"},"img":{"alt_text":"","src":"https:\/\/i0.wp.com\/carloswagner.jor.br\/blog\/wp-content\/uploads\/2021\/08\/dinheiro50.png?resize=350%2C200&ssl=1","width":350,"height":200,"srcset":"https:\/\/i0.wp.com\/carloswagner.jor.br\/blog\/wp-content\/uploads\/2021\/08\/dinheiro50.png?resize=350%2C200&ssl=1 1x, https:\/\/i0.wp.com\/carloswagner.jor.br\/blog\/wp-content\/uploads\/2021\/08\/dinheiro50.png?resize=525%2C300&ssl=1 1.5x"},"classes":[]},{"id":5408,"url":"https:\/\/carloswagner.jor.br\/blog\/2022\/04\/12\/video-substitui-o-dossie-de-papel-que-circulava-pelas-redacoes-em-epoca-de-eleicao\/","url_meta":{"origin":15902,"position":1},"title":"V\u00eddeo substitui o dossi\u00ea de papel que circulava pelas reda\u00e7\u00f5es em \u00e9poca de elei\u00e7\u00e3o","author":"Carlos Wagner","date":"12 de abril de 2022","format":false,"excerpt":"A era dos dossi\u00eas foi muito movimentada. Foto: Reprodu\u00e7\u00e3o At\u00e9 duas ou tr\u00eas elei\u00e7\u00f5es presidenciais passadas, logo nos primeiros dias do ano eleitoral come\u00e7avam a circular pelas reda\u00e7\u00f5es dos jornais dossi\u00eas com den\u00fancias contra os candidatos. Eram p\u00e1ginas e p\u00e1ginas sob uma capa de cartolina surrada na qual estava escrita\u2026","rel":"","context":"Em &quot;Geral&quot;","block_context":{"text":"Geral","link":"https:\/\/carloswagner.jor.br\/blog\/category\/geral\/"},"img":{"alt_text":"","src":"https:\/\/i0.wp.com\/carloswagner.jor.br\/blog\/wp-content\/uploads\/2022\/04\/confidencial.jpg?resize=350%2C200&ssl=1","width":350,"height":200,"srcset":"https:\/\/i0.wp.com\/carloswagner.jor.br\/blog\/wp-content\/uploads\/2022\/04\/confidencial.jpg?resize=350%2C200&ssl=1 1x, https:\/\/i0.wp.com\/carloswagner.jor.br\/blog\/wp-content\/uploads\/2022\/04\/confidencial.jpg?resize=525%2C300&ssl=1 1.5x"},"classes":[]},{"id":4965,"url":"https:\/\/carloswagner.jor.br\/blog\/2021\/11\/23\/nervos-a-flor-da-pele-nas-redacoes-por-conta-das-demissoes-e-da-carga-de-trabalho\/","url_meta":{"origin":15902,"position":2},"title":"Nervos \u00e0 flor da pele nas reda\u00e7\u00f5es por conta das demiss\u00f5es e da carga de trabalho","author":"Carlos Wagner","date":"23 de novembro de 2021","format":false,"excerpt":"O rep\u00f3rter faz texto, \u00e1udio, v\u00eddeo e foto. N\u00e3o sobra tempo para apostar na apura\u00e7\u00e3o da informa\u00e7\u00e3o. Foto: Reprodu\u00e7\u00e3o. A imprensa do Brasil vive um dos seus melhores momentos de relev\u00e2ncia para o leitor na cobertura da disputa pol\u00edtica, da crise sanit\u00e1ria provocada pela pandemia da Covid-19 e de outros\u2026","rel":"","context":"Em &quot;Geral&quot;","block_context":{"text":"Geral","link":"https:\/\/carloswagner.jor.br\/blog\/category\/geral\/"},"img":{"alt_text":"","src":"https:\/\/i0.wp.com\/carloswagner.jor.br\/blog\/wp-content\/uploads\/2021\/11\/multijornalista.jpg?resize=350%2C200&ssl=1","width":350,"height":200,"srcset":"https:\/\/i0.wp.com\/carloswagner.jor.br\/blog\/wp-content\/uploads\/2021\/11\/multijornalista.jpg?resize=350%2C200&ssl=1 1x, https:\/\/i0.wp.com\/carloswagner.jor.br\/blog\/wp-content\/uploads\/2021\/11\/multijornalista.jpg?resize=525%2C300&ssl=1 1.5x"},"classes":[]},{"id":7962,"url":"https:\/\/carloswagner.jor.br\/blog\/2024\/03\/15\/no-tempo-das-maquinas-de-escrever-como-eram-as-redacoes-em-ano-de-eleicoes-municipais\/","url_meta":{"origin":15902,"position":3},"title":"No tempo das m\u00e1quinas de escrever, como eram as reda\u00e7\u00f5es em ano de elei\u00e7\u00f5es municipais?","author":"Carlos Wagner","date":"15 de mar\u00e7o de 2024","format":false,"excerpt":"Redes sociais acabaram com o \"se n\u00e3o saiu no jornal, ent\u00e3o\u00a0n\u00e3o\u00a0existe\" Foto: Reprodu\u00e7\u00e3o At\u00e9 o surgimento e a populariza\u00e7\u00e3o das redes sociais, o dia a dia das reda\u00e7\u00f5es dos jornais em anos eleitorais, em especial de elei\u00e7\u00f5es municipais como o atual, costumava ser movimentado. Os rep\u00f3rteres precisavam ter cuidado para\u2026","rel":"","context":"Em &quot;Geral&quot;","block_context":{"text":"Geral","link":"https:\/\/carloswagner.jor.br\/blog\/category\/geral\/"},"img":{"alt_text":"","src":"https:\/\/i0.wp.com\/carloswagner.jor.br\/blog\/wp-content\/uploads\/2024\/03\/redacaomaquina5000.jpeg?resize=350%2C200&ssl=1","width":350,"height":200},"classes":[]},{"id":5602,"url":"https:\/\/carloswagner.jor.br\/blog\/2022\/05\/24\/interessam-ao-mundo-as-noticias-do-antes-do-durante-e-do-depois-das-eleicoes-no-brasil\/","url_meta":{"origin":15902,"position":4},"title":"Interessam ao mundo as not\u00edcias do antes, do durante e do depois das elei\u00e7\u00f5es no Brasil","author":"Carlos Wagner","date":"24 de maio de 2022","format":false,"excerpt":"Como ser\u00e1 o dia seguinte ao resultado final das elei\u00e7\u00f5es ? Foto: EBC Lembro-me que durante as primeiras elei\u00e7\u00f5es diretas e livres no Brasil uma d\u00favida que pairava entre os rep\u00f3rteres nas reda\u00e7\u00f5es era se quem ganhasse realmente assumiria o poder. Ainda estavam vivas entre os jornalistas as mem\u00f3rias dos\u2026","rel":"","context":"Em &quot;Geral&quot;","block_context":{"text":"Geral","link":"https:\/\/carloswagner.jor.br\/blog\/category\/geral\/"},"img":{"alt_text":"","src":"https:\/\/i0.wp.com\/carloswagner.jor.br\/blog\/wp-content\/uploads\/2022\/05\/eleicao700.jpg?resize=350%2C200&ssl=1","width":350,"height":200,"srcset":"https:\/\/i0.wp.com\/carloswagner.jor.br\/blog\/wp-content\/uploads\/2022\/05\/eleicao700.jpg?resize=350%2C200&ssl=1 1x, https:\/\/i0.wp.com\/carloswagner.jor.br\/blog\/wp-content\/uploads\/2022\/05\/eleicao700.jpg?resize=525%2C300&ssl=1 1.5x"},"classes":[]},{"id":6076,"url":"https:\/\/carloswagner.jor.br\/blog\/2022\/09\/27\/boatos-que-unem-a-eleicao-de-1989-a-do-proximo-do-fim-de-semana\/","url_meta":{"origin":15902,"position":5},"title":"Boatos que unem a elei\u00e7\u00e3o de 1989 \u00e0 do pr\u00f3ximo do fim de semana","author":"Carlos Wagner","date":"27 de setembro de 2022","format":false,"excerpt":"Os dias que faltam para as elei\u00e7\u00f5es ser\u00e3o os mais longos do ano Foto: Reprodu\u00e7\u00e3o Eu me lembro. E n\u00e3o \u00e9 por ter ouvido de um especialista e muito menos ter lido sobre o assunto. Lembro-me porque estava l\u00e1 e fiz mat\u00e9ria. Foi em 1989, a primeira elei\u00e7\u00e3o direta para\u2026","rel":"","context":"Em &quot;Geral&quot;","block_context":{"text":"Geral","link":"https:\/\/carloswagner.jor.br\/blog\/category\/geral\/"},"img":{"alt_text":"","src":"https:\/\/i0.wp.com\/carloswagner.jor.br\/blog\/wp-content\/uploads\/2022\/09\/lulabolsonaroretafinal.jpg?resize=350%2C200&ssl=1","width":350,"height":200},"classes":[]}],"jetpack_likes_enabled":true,"_links":{"self":[{"href":"https:\/\/carloswagner.jor.br\/blog\/wp-json\/wp\/v2\/posts\/15902","targetHints":{"allow":["GET"]}}],"collection":[{"href":"https:\/\/carloswagner.jor.br\/blog\/wp-json\/wp\/v2\/posts"}],"about":[{"href":"https:\/\/carloswagner.jor.br\/blog\/wp-json\/wp\/v2\/types\/post"}],"author":[{"embeddable":true,"href":"https:\/\/carloswagner.jor.br\/blog\/wp-json\/wp\/v2\/users\/1"}],"replies":[{"embeddable":true,"href":"https:\/\/carloswagner.jor.br\/blog\/wp-json\/wp\/v2\/comments?post=15902"}],"version-history":[{"count":1,"href":"https:\/\/carloswagner.jor.br\/blog\/wp-json\/wp\/v2\/posts\/15902\/revisions"}],"predecessor-version":[{"id":15904,"href":"https:\/\/carloswagner.jor.br\/blog\/wp-json\/wp\/v2\/posts\/15902\/revisions\/15904"}],"wp:attachment":[{"href":"https:\/\/carloswagner.jor.br\/blog\/wp-json\/wp\/v2\/media?parent=15902"}],"wp:term":[{"taxonomy":"category","embeddable":true,"href":"https:\/\/carloswagner.jor.br\/blog\/wp-json\/wp\/v2\/categories?post=15902"},{"taxonomy":"post_tag","embeddable":true,"href":"https:\/\/carloswagner.jor.br\/blog\/wp-json\/wp\/v2\/tags?post=15902"}],"curies":[{"name":"wp","href":"https:\/\/api.w.org\/{rel}","templated":true}]}}