{"id":18629,"date":"2026-07-21T08:45:16","date_gmt":"2026-07-21T11:45:16","guid":{"rendered":"https:\/\/carloswagner.jor.br\/blog\/?p=18629"},"modified":"2026-07-21T08:45:16","modified_gmt":"2026-07-21T11:45:16","slug":"a-imprensa-a-espanha-conquista-o-mundo-e-o-fim-da-era-messi-na-selecao-argentina","status":"publish","type":"post","link":"https:\/\/carloswagner.jor.br\/blog\/2026\/07\/21\/a-imprensa-a-espanha-conquista-o-mundo-e-o-fim-da-era-messi-na-selecao-argentina\/","title":{"rendered":"A imprensa, a Espanha conquista o mundo e o fim da era Messi na Sele\u00e7\u00e3o Argentina"},"content":{"rendered":"<div class=\"wp-block-image\">\n<figure class=\"aligncenter size-full\"><img data-recalc-dims=\"1\" loading=\"lazy\" decoding=\"async\" width=\"640\" height=\"416\" data-attachment-id=\"18631\" data-permalink=\"https:\/\/carloswagner.jor.br\/blog\/2026\/07\/21\/a-imprensa-a-espanha-conquista-o-mundo-e-o-fim-da-era-messi-na-selecao-argentina\/image-88\/\" data-orig-file=\"https:\/\/i0.wp.com\/carloswagner.jor.br\/blog\/wp-content\/uploads\/2026\/07\/image-7.png?fit=957%2C622&amp;ssl=1\" data-orig-size=\"957,622\" data-comments-opened=\"1\" data-image-meta=\"{&quot;aperture&quot;:&quot;0&quot;,&quot;credit&quot;:&quot;&quot;,&quot;camera&quot;:&quot;&quot;,&quot;caption&quot;:&quot;&quot;,&quot;created_timestamp&quot;:&quot;0&quot;,&quot;copyright&quot;:&quot;&quot;,&quot;focal_length&quot;:&quot;0&quot;,&quot;iso&quot;:&quot;0&quot;,&quot;shutter_speed&quot;:&quot;0&quot;,&quot;title&quot;:&quot;&quot;,&quot;orientation&quot;:&quot;0&quot;,&quot;alt&quot;:&quot;&quot;}\" data-image-title=\"image\" data-image-description=\"\" data-image-caption=\"\" data-large-file=\"https:\/\/i0.wp.com\/carloswagner.jor.br\/blog\/wp-content\/uploads\/2026\/07\/image-7.png?fit=640%2C416&amp;ssl=1\" src=\"https:\/\/i0.wp.com\/carloswagner.jor.br\/blog\/wp-content\/uploads\/2026\/07\/image-7.png?resize=640%2C416&#038;ssl=1\" alt=\"\" class=\"wp-image-18631\" srcset=\"https:\/\/i0.wp.com\/carloswagner.jor.br\/blog\/wp-content\/uploads\/2026\/07\/image-7.png?w=957&amp;ssl=1 957w, https:\/\/i0.wp.com\/carloswagner.jor.br\/blog\/wp-content\/uploads\/2026\/07\/image-7.png?resize=300%2C195&amp;ssl=1 300w, https:\/\/i0.wp.com\/carloswagner.jor.br\/blog\/wp-content\/uploads\/2026\/07\/image-7.png?resize=768%2C499&amp;ssl=1 768w\" sizes=\"auto, (max-width: 640px) 100vw, 640px\" \/><figcaption class=\"wp-element-caption\">&#8220;Amor \u00e0 camiseta&#8221; foi a marca registrada dos jogadores argentinos Foto: Fifa\/Divulga\u00e7\u00e3o<\/figcaption><\/figure>\n<\/div>\n\n\n<p class=\"wp-block-paragraph\">Assim que ficou decidido que o jogo final da Copa do Mundo da Fifa 2026 seria disputado entre Argentina e Espanha apostei as minhas fichas que o presidente dos Estados Unidos, Donald Trump (republicano), 80 anos, n\u00e3o ia assistir \u00e0 partida no MetLife Stadium, em East Rutherford, Nova Jersey, regi\u00e3o metropolitana de Nova York, para evitar ser vaiado e xingado. Justifiquei a aposta citando dois motivos: o primeiro \u00e9 que regi\u00e3o \u00e9 um reduto eleitoral dos democratas. E, segundo, porque Espanha e Argentina s\u00e3o pa\u00edses de l\u00edngua espanhola, justamente o idioma da grande maioria dos imigrantes ilegais que s\u00e3o ca\u00e7ados diariamente nas cidades americanas pelo Servi\u00e7o de Imigra\u00e7\u00e3o e Alf\u00e2ndega (ICE). V\u00e1rios ilegais j\u00e1 foram feridos e mortos. O mais recente, um colombiano de 26 anos, morreu na segunda-feira (13) baleado por agentes do ICE. Na lista dos mortos h\u00e1 dois americanos \u2013 material dispon\u00edvel na internet. A pris\u00e3o e expuls\u00e3o do territ\u00f3rio americano dos imigrantes ilegais \u00e9 um dos mais antip\u00e1ticos pilares da administra\u00e7\u00e3o Trump. Perdi a aposta. Trump n\u00e3o s\u00f3 foi ao jogo como convidou as principais autoridades dos outros dois pa\u00edses anfitri\u00f5es da Copa: a presidente do M\u00e9xico, Cl\u00e1udia Sheinbaum, 64 anos, e o primeiro-ministro do Canad\u00e1, Mark Carney, 61 anos. Destes, s\u00f3 Trump foi vaiado quando a sua imagem apareceu nos tel\u00f5es do est\u00e1dio e quando entregou a ta\u00e7a para a Espanha, que ganhou de 1 a 0 da Argentina.<\/p>\n\n\n\n<p class=\"wp-block-paragraph\">Como Trump ir\u00e1 reagir \u00e0s vaias saberemos nos pr\u00f3ximos dias. Mas \u00e9 certo que vai reagir porque n\u00e3o \u00e9 de levar desaforo para casa. Teoricamente, o presidente dos Estados Unidos foi vaiado por estrangeiros dentro do seu pa\u00eds. Havia mais de 80 mil pessoas no est\u00e1dio, a maioria do \u201candar de cima\u201d, considerando que os ingressos para a final custaram entre US$ 7,4 mil a US$ 57 mil. O governo Trump vive um momento de baixa na sua popularidade, por v\u00e1rios motivos, todos eles descritos em detalhes pela imprensa. Abri a nossa conversa falando da vaia a Trump porque vi toda a partida pela televis\u00e3o, bem com a entrega do trof\u00e9u aos espanh\u00f3is. E na entrega da ta\u00e7a o rosto do presidente americano era de constrangimento. Acabei assistindo \u00e0 maioria dos jogos da Copa do Mundo. Vou repetir. Tenho 75 anos, meio s\u00e9culo na lida de rep\u00f3rter, sendo que 40 foram vividos em reda\u00e7\u00e3o de jornal, e atualmente ando pelas estradas buscando boas hist\u00f3rias para contar. Sou especializado em conflitos agr\u00e1rios, migra\u00e7\u00f5es e crime organizado na fronteira. N\u00e3o entendo patavina de futebol. Mas entendo de jornalismo e estrat\u00e9gia. O t\u00e9cnico da Espanha, o experiente Luis de La Fuente, 65 anos, armou uma estrat\u00e9gia simples, eficiente, e neutralizou o ataque argentino que tem como figura central Lionel Messi, 39 anos, um craque que n\u00e3o s\u00f3 faz gols e d\u00e1 passes precisos para seus companheiros, mas que tem a cabe\u00e7a fria e focada para organizar a rea\u00e7\u00e3o e a defesa do time na hora que \u00e9 necess\u00e1rio. O t\u00e9cnico argentino, Lionel Scaloni, 48 anos, em cada partida vinha organizando o time ao redor de Messi. No domingo, n\u00e3o funcionou e a Argentina s\u00f3 n\u00e3o foi goleada porque o seu goleiro, Emiliano Martinez, 33 anos, conhecido como Dibu, fechou o gol e fez defesas fant\u00e1sticas. N\u00e3o tenho os n\u00fameros. Mas na maior parte do tempo a bola rolava de p\u00e9 em p\u00e9 dos jogadores da Espanha. Os argentinos n\u00e3o chutaram meia d\u00fazia de bolas que levassem perigo ao gol dos espanh\u00f3is. J\u00e1 a Espanha teve v\u00e1rias conclus\u00f5es e criou dezenas de situa\u00e7\u00f5es de gol.<\/p>\n\n\n\n<p class=\"wp-block-paragraph\">O jogo foi para a prorroga\u00e7\u00e3o de 30 minutos. No final do primeiro tempo, o gol argentino continuava fechado. At\u00e9 que nos minutos iniciais do segundo tempo aconteceu mais uma confus\u00e3o na \u00e1rea argentina e a bola sobrou picando para Ferran Torres, 26 anos, que chutou com for\u00e7a e fez o gol t\u00e3o esperado pela torcida espanhola. Na hora, pensei no erro cometido pelo t\u00e9cnico da Inglaterra, o alem\u00e3o Thomas Tuchel, 52 anos, que na semifinal contra a Argentina recuou demais o time depois de abrir o placar e cedeu espa\u00e7os generosos que Messi aproveitou para comandar a virada. No final da partida, os argentinos marcaram dois gols em sete minutos e ganharam por 2 a 1. Mas o t\u00e9cnico da Espanha n\u00e3o cometeu o mesmo erro. Seu time continuou atacando at\u00e9 o fim, sem permitir qualquer chance de rea\u00e7\u00e3o. A Espanha, que havia ganho a Copa em 2010, saiu bicampe\u00e3. Depois de assistir \u00e0 cerim\u00f4nia de entrega da ta\u00e7a comecei a zapear a televis\u00e3o em busca de canais argentinos para saber o que estava acontecendo por l\u00e1. Confesso que fui surpreendido. Muitos argentinos festejavam o vice-campeonato mundial. Na cultura futebol\u00edstica brasileira n\u00e3o se comemora o segundo lugar. Mas os argentinos estavam comemorando, em reconhecimento \u00e0 dedica\u00e7\u00e3o dos seus craques \u00e0 camiseta da Sele\u00e7\u00e3o, em especial Messi. \u00c9 improv\u00e1vel que, devido a idade (ter\u00e1 43 anos), ele volte em 2030, quando a Argentina jogar\u00e1 a sua partida de estreia em Buenos Aires, como parte da celebra\u00e7\u00e3o do centen\u00e1rio das Copas. Sou ga\u00facho, moro em Porto Alegre, capital do Rio Grande do Sul, que faz fronteira com a Argentina, e tor\u00e7o para o Colorado. Por conta da disputa da Ta\u00e7a Libertadores, tenho as minhas broncas com torcedores e ju\u00edzes argentinos, e eles t\u00eam as deles contra n\u00f3s.<\/p>\n\n\n\n<p class=\"wp-block-paragraph\">Para arrematar a nossa conversa. As culturas do Rio Grande Sul e da Argentina s\u00e3o muito semelhantes, o que facilita o nosso entendimento. Digo que a marca registrada dos jogadores da Argentina na Copa do Mundo de 2026 foi a demonstra\u00e7\u00e3o de \u201camor \u00e0 camiseta\u201d, a luta at\u00e9 o \u00faltimo segundo para virar um jogo. Nos dias atuais, os melhores atletas, seja qual for a sua nacionalidade, v\u00e3o trabalhar no time que lhes der o melhor sal\u00e1rio e prest\u00edgio profissional. A sua vincula\u00e7\u00e3o com o pa\u00eds onde nasceram \u00e9 a camiseta da Sele\u00e7\u00e3o. A imprensa esportiva do Brasil precisa repensar alguns dos seus conte\u00fados. Como disse, n\u00e3o entendo patavina de futebol. Mas entendo de jornalismo e estrat\u00e9gia.<\/p>\n","protected":false},"excerpt":{"rendered":"<p>Assim que ficou decidido que o jogo final da Copa do Mundo da Fifa 2026 seria disputado entre Argentina e Espanha apostei as minhas fichas que o presidente dos Estados Unidos, Donald Trump (republicano), 80 anos, n\u00e3o ia assistir \u00e0 partida no MetLife Stadium, em East Rutherford, Nova Jersey, regi\u00e3o metropolitana de Nova York, para <a class=\"read-more\" href=\"https:\/\/carloswagner.jor.br\/blog\/2026\/07\/21\/a-imprensa-a-espanha-conquista-o-mundo-e-o-fim-da-era-messi-na-selecao-argentina\/\">Read More&#8230;<\/a><\/p>\n","protected":false},"author":1,"featured_media":0,"comment_status":"open","ping_status":"open","sticky":false,"template":"","format":"standard","meta":{"_jetpack_newsletter_access":"","_jetpack_dont_email_post_to_subs":false,"_jetpack_newsletter_tier_id":0,"_jetpack_memberships_contains_paywalled_content":false,"_jetpack_feature_clip_id":0,"_jetpack_memberships_contains_paid_content":false,"footnotes":"","jetpack_publicize_message":"","jetpack_publicize_feature_enabled":true,"jetpack_social_post_already_shared":true,"jetpack_social_options":{"image_generator_settings":{"template":"highway","default_image_id":0,"font":"","enabled":false},"version":2},"jetpack_post_was_ever_published":false},"categories":[1],"tags":[3336,2885,3335,3337],"class_list":["post-18629","post","type-post","status-publish","format-standard","hentry","category-geral","tag-a-ultima-copa-de-messi","tag-imigrantes-ilegais","tag-selecao-espanha-e-campea-do-mundo","tag-trump-e-vaiado"],"jetpack_publicize_connections":[],"jetpack_sharing_enabled":true,"jetpack_shortlink":"https:\/\/wp.me\/p7Requ-4Qt","jetpack-related-posts":[{"id":18209,"url":"https:\/\/carloswagner.jor.br\/blog\/2026\/07\/17\/copa-da-fifa-2026-e-o-ultimo-tango-de-messi\/","url_meta":{"origin":18629,"position":0},"title":"Copa da Fifa 2026 \u00e9 o \u201c\u00faltimo  tango\u201d de Messi?","author":"Carlos Wagner","date":"17 de julho de 2026","format":false,"excerpt":"Prestes a completar 50 anos, a Guerra das Malvinas ainda influencia a Copa do Mundo Foto: Reprodu\u00e7\u00e3o N\u00e3o era a minha inten\u00e7\u00e3o falar sobre a partida entre as sele\u00e7\u00f5es da Argentina e da Inglaterra, que na tarde de quarta-feira (15) decidiram uma das vagas na final da Copa do Mundo\u2026","rel":"","context":"Em &quot;Geral&quot;","block_context":{"text":"Geral","link":"https:\/\/carloswagner.jor.br\/blog\/category\/geral\/"},"img":{"alt_text":"","src":"https:\/\/i0.wp.com\/carloswagner.jor.br\/blog\/wp-content\/uploads\/2026\/07\/image-6.png?resize=350%2C200&ssl=1","width":350,"height":200,"srcset":"https:\/\/i0.wp.com\/carloswagner.jor.br\/blog\/wp-content\/uploads\/2026\/07\/image-6.png?resize=350%2C200&ssl=1 1x, https:\/\/i0.wp.com\/carloswagner.jor.br\/blog\/wp-content\/uploads\/2026\/07\/image-6.png?resize=525%2C300&ssl=1 1.5x, https:\/\/i0.wp.com\/carloswagner.jor.br\/blog\/wp-content\/uploads\/2026\/07\/image-6.png?resize=700%2C400&ssl=1 2x"},"classes":[]},{"id":9300,"url":"https:\/\/carloswagner.jor.br\/blog\/2025\/01\/31\/quem-ficou-com-os-bens-deixados-para-tras-pelos-imigrantes-ilegais-deportados-por-trump\/","url_meta":{"origin":18629,"position":1},"title":"Quem ficou com os bens deixados para tr\u00e1s pelos imigrantes ilegais deportados por Trump?","author":"Carlos Wagner","date":"31 de janeiro de 2025","format":false,"excerpt":"Governo americano vai esticar at\u00e9 o limite a corda com\u00a0os\u00a0imigrantes Foto: Reprodu\u00e7\u00e3o Recebi uma liga\u00e7\u00e3o de um atento leitor que acompanha a minha vida de rep\u00f3rter h\u00e1 muito tempo. Ele \u00e9 dono de uma lojinha nos arredores do Centro Hist\u00f3rico da Porto Alegre (RS) e devorador voraz de notici\u00e1rios. Fez-me\u2026","rel":"","context":"Em &quot;Geral&quot;","block_context":{"text":"Geral","link":"https:\/\/carloswagner.jor.br\/blog\/category\/geral\/"},"img":{"alt_text":"","src":"https:\/\/i0.wp.com\/carloswagner.jor.br\/blog\/wp-content\/uploads\/2025\/01\/deportadosbenstrump5000.jpeg?resize=350%2C200&ssl=1","width":350,"height":200},"classes":[]},{"id":9284,"url":"https:\/\/carloswagner.jor.br\/blog\/2025\/01\/28\/imprensa-pode-anotar-efeito-trump-entre-os-imigrantes-e-uma-tragedia-anunciada\/","url_meta":{"origin":18629,"position":2},"title":"Imprensa pode anotar. Efeito Trump entre os imigrantes \u00e9 uma \u201ctrag\u00e9dia anunciada\u201d","author":"Carlos Wagner","date":"28 de janeiro de 2025","format":false,"excerpt":"Por ser os Estados Unidos uma pot\u00eancia, nas ruas das cidades americanas h\u00e1 estrangeiros ilegais de todos os\u00a0cantos\u00a0do\u00a0mundo Foto: EBC A hist\u00f3ria do presidente dos Estados Unidos, Donald Trump (republicano), 78 anos, com os imigrantes ilegais n\u00e3o vai acabar bem. No seu primeiro mandato, 2017 a 2021, ele j\u00e1 disparava\u2026","rel":"","context":"Em &quot;Geral&quot;","block_context":{"text":"Geral","link":"https:\/\/carloswagner.jor.br\/blog\/category\/geral\/"},"img":{"alt_text":"","src":"https:\/\/i0.wp.com\/carloswagner.jor.br\/blog\/wp-content\/uploads\/2025\/01\/brasileirosdeportadoseua5000.jpeg?resize=350%2C200&ssl=1","width":350,"height":200},"classes":[]},{"id":18937,"url":"https:\/\/carloswagner.jor.br\/blog\/2026\/08\/07\/qual-e-o-tamanho-do-estoque-de-desaforos-de-milei-contra-o-governo-lula\/","url_meta":{"origin":18629,"position":3},"title":"Qual \u00e9 o tamanho do \u201cestoque de desaforos\u201d de Milei contra o governo Lula ?","author":"Carlos Wagner","date":"7 de agosto de 2026","format":false,"excerpt":"Presidente argentino est\u00e1 surfando na disputa pol\u00edtica brasileira Foto: Reprodu\u00e7\u00e3o Em 1979, quando comecei a trabalhar como rep\u00f3rter de jornal, circulava pela reda\u00e7\u00e3o uma antiga hist\u00f3ria sobre um personagem chamado \u201cguarda da esquina\u201d. Costumava ser citado nas reportagens para sintetizar o perigo que representam as ditaduras militares e os demais\u2026","rel":"","context":"Em &quot;Geral&quot;","block_context":{"text":"Geral","link":"https:\/\/carloswagner.jor.br\/blog\/category\/geral\/"},"img":{"alt_text":"","src":"https:\/\/i0.wp.com\/carloswagner.jor.br\/blog\/wp-content\/uploads\/2026\/08\/image-1.png?resize=350%2C200&ssl=1","width":350,"height":200,"srcset":"https:\/\/i0.wp.com\/carloswagner.jor.br\/blog\/wp-content\/uploads\/2026\/08\/image-1.png?resize=350%2C200&ssl=1 1x, https:\/\/i0.wp.com\/carloswagner.jor.br\/blog\/wp-content\/uploads\/2026\/08\/image-1.png?resize=525%2C300&ssl=1 1.5x"},"classes":[]},{"id":17957,"url":"https:\/\/carloswagner.jor.br\/blog\/2026\/07\/03\/essa-e-a-copa-do-mundo-dos-jogadores-com-o-coracao-no-bico-da-chuteira\/","url_meta":{"origin":18629,"position":4},"title":"Essa \u00e9 a Copa do Mundo dos \u201cjogadores com o cora\u00e7\u00e3o no bico da chuteira\u201d","author":"Carlos Wagner","date":"3 de julho de 2026","format":false,"excerpt":"Nesse torneio n\u00e3o tem jogo f\u00e1cil Foto: EBC A quarta-feira (1\u00ba) foi mais um dia frio em Porto Alegre, a marca do inverno ga\u00facho. Criei coragem e sai de perto do fog\u00e3o a lenha, onde me aquecia com o calor da queima das toras, para buscar no supermercado v\u00edveres e\u2026","rel":"","context":"Em &quot;Geral&quot;","block_context":{"text":"Geral","link":"https:\/\/carloswagner.jor.br\/blog\/category\/geral\/"},"img":{"alt_text":"","src":"https:\/\/i0.wp.com\/carloswagner.jor.br\/blog\/wp-content\/uploads\/2026\/07\/image.png?resize=350%2C200&ssl=1","width":350,"height":200,"srcset":"https:\/\/i0.wp.com\/carloswagner.jor.br\/blog\/wp-content\/uploads\/2026\/07\/image.png?resize=350%2C200&ssl=1 1x, https:\/\/i0.wp.com\/carloswagner.jor.br\/blog\/wp-content\/uploads\/2026\/07\/image.png?resize=525%2C300&ssl=1 1.5x, https:\/\/i0.wp.com\/carloswagner.jor.br\/blog\/wp-content\/uploads\/2026\/07\/image.png?resize=700%2C400&ssl=1 2x"},"classes":[]},{"id":14209,"url":"https:\/\/carloswagner.jor.br\/blog\/2026\/01\/30\/truculencia-dos-agentes-da-imigracao-pode-custar-a-trump-a-maioria-do-congresso\/","url_meta":{"origin":18629,"position":5},"title":"Trucul\u00eancia dos agentes da imigra\u00e7\u00e3o pode custar a Trump a maioria do Congresso?","author":"Carlos Wagner","date":"30 de janeiro de 2026","format":false,"excerpt":"Presidente americano s\u00f3 tem na sua equipe quem concorda com suas ideias Foto: Reprodu\u00e7\u00e3o Por conta da confus\u00e3o criada nos Estados Unidos pela trucul\u00eancia dos agentes do Servi\u00e7o de Imigra\u00e7\u00e3o e Alf\u00e2ndega (ICE, na sigla em ingl\u00eas) e a humilha\u00e7\u00e3o contra os imigrantes ilegais. E porque dois americanos, Renee Nicole\u2026","rel":"","context":"Em &quot;Geral&quot;","block_context":{"text":"Geral","link":"https:\/\/carloswagner.jor.br\/blog\/category\/geral\/"},"img":{"alt_text":"","src":"https:\/\/i0.wp.com\/carloswagner.jor.br\/blog\/wp-content\/uploads\/2026\/01\/image-8-scaled.png?resize=350%2C200&ssl=1","width":350,"height":200,"srcset":"https:\/\/i0.wp.com\/carloswagner.jor.br\/blog\/wp-content\/uploads\/2026\/01\/image-8-scaled.png?resize=350%2C200&ssl=1 1x, https:\/\/i0.wp.com\/carloswagner.jor.br\/blog\/wp-content\/uploads\/2026\/01\/image-8-scaled.png?resize=525%2C300&ssl=1 1.5x, https:\/\/i0.wp.com\/carloswagner.jor.br\/blog\/wp-content\/uploads\/2026\/01\/image-8-scaled.png?resize=700%2C400&ssl=1 2x, https:\/\/i0.wp.com\/carloswagner.jor.br\/blog\/wp-content\/uploads\/2026\/01\/image-8-scaled.png?resize=1050%2C600&ssl=1 3x, https:\/\/i0.wp.com\/carloswagner.jor.br\/blog\/wp-content\/uploads\/2026\/01\/image-8-scaled.png?resize=1400%2C800&ssl=1 4x"},"classes":[]}],"jetpack_likes_enabled":true,"jetpack_featured_media_url":"","_links":{"self":[{"href":"https:\/\/carloswagner.jor.br\/blog\/wp-json\/wp\/v2\/posts\/18629","targetHints":{"allow":["GET"]}}],"collection":[{"href":"https:\/\/carloswagner.jor.br\/blog\/wp-json\/wp\/v2\/posts"}],"about":[{"href":"https:\/\/carloswagner.jor.br\/blog\/wp-json\/wp\/v2\/types\/post"}],"author":[{"embeddable":true,"href":"https:\/\/carloswagner.jor.br\/blog\/wp-json\/wp\/v2\/users\/1"}],"replies":[{"embeddable":true,"href":"https:\/\/carloswagner.jor.br\/blog\/wp-json\/wp\/v2\/comments?post=18629"}],"version-history":[{"count":1,"href":"https:\/\/carloswagner.jor.br\/blog\/wp-json\/wp\/v2\/posts\/18629\/revisions"}],"predecessor-version":[{"id":18632,"href":"https:\/\/carloswagner.jor.br\/blog\/wp-json\/wp\/v2\/posts\/18629\/revisions\/18632"}],"wp:attachment":[{"href":"https:\/\/carloswagner.jor.br\/blog\/wp-json\/wp\/v2\/media?parent=18629"}],"wp:term":[{"taxonomy":"category","embeddable":true,"href":"https:\/\/carloswagner.jor.br\/blog\/wp-json\/wp\/v2\/categories?post=18629"},{"taxonomy":"post_tag","embeddable":true,"href":"https:\/\/carloswagner.jor.br\/blog\/wp-json\/wp\/v2\/tags?post=18629"}],"curies":[{"name":"wp","href":"https:\/\/api.w.org\/{rel}","templated":true}]}}