{"id":19439,"date":"2026-09-01T07:50:46","date_gmt":"2026-09-01T10:50:46","guid":{"rendered":"https:\/\/carloswagner.jor.br\/blog\/?p=19439"},"modified":"2026-09-01T07:50:46","modified_gmt":"2026-09-01T10:50:46","slug":"a-imprensa-sera-surpreendida-na-reta-final-das-eleicoes-presidenciais-de-2026","status":"publish","type":"post","link":"https:\/\/carloswagner.jor.br\/blog\/2026\/09\/01\/a-imprensa-sera-surpreendida-na-reta-final-das-eleicoes-presidenciais-de-2026\/","title":{"rendered":"A imprensa ser\u00e1 surpreendida na reta final das elei\u00e7\u00f5es presidenciais de 2026?"},"content":{"rendered":"<div class=\"wp-block-image\">\n<figure class=\"aligncenter size-large\"><img data-recalc-dims=\"1\" loading=\"lazy\" decoding=\"async\" width=\"640\" height=\"383\" data-attachment-id=\"19440\" data-permalink=\"https:\/\/carloswagner.jor.br\/blog\/2026\/09\/01\/a-imprensa-sera-surpreendida-na-reta-final-das-eleicoes-presidenciais-de-2026\/image-100\/\" data-orig-file=\"https:\/\/i0.wp.com\/carloswagner.jor.br\/blog\/wp-content\/uploads\/2026\/09\/image.png?fit=1170%2C700&amp;ssl=1\" data-orig-size=\"1170,700\" data-comments-opened=\"1\" data-image-meta=\"{&quot;aperture&quot;:&quot;0&quot;,&quot;credit&quot;:&quot;&quot;,&quot;camera&quot;:&quot;&quot;,&quot;caption&quot;:&quot;&quot;,&quot;created_timestamp&quot;:&quot;0&quot;,&quot;copyright&quot;:&quot;&quot;,&quot;focal_length&quot;:&quot;0&quot;,&quot;iso&quot;:&quot;0&quot;,&quot;shutter_speed&quot;:&quot;0&quot;,&quot;title&quot;:&quot;&quot;,&quot;orientation&quot;:&quot;0&quot;,&quot;alt&quot;:&quot;&quot;}\" data-image-title=\"image\" data-image-description=\"\" data-image-caption=\"\" data-large-file=\"https:\/\/i0.wp.com\/carloswagner.jor.br\/blog\/wp-content\/uploads\/2026\/09\/image.png?fit=640%2C383&amp;ssl=1\" src=\"https:\/\/i0.wp.com\/carloswagner.jor.br\/blog\/wp-content\/uploads\/2026\/09\/image.png?resize=640%2C383&#038;ssl=1\" alt=\"\" class=\"wp-image-19440\" srcset=\"https:\/\/i0.wp.com\/carloswagner.jor.br\/blog\/wp-content\/uploads\/2026\/09\/image.png?resize=1024%2C613&amp;ssl=1 1024w, https:\/\/i0.wp.com\/carloswagner.jor.br\/blog\/wp-content\/uploads\/2026\/09\/image.png?resize=300%2C179&amp;ssl=1 300w, https:\/\/i0.wp.com\/carloswagner.jor.br\/blog\/wp-content\/uploads\/2026\/09\/image.png?resize=767%2C459&amp;ssl=1 767w, https:\/\/i0.wp.com\/carloswagner.jor.br\/blog\/wp-content\/uploads\/2026\/09\/image.png?w=1170&amp;ssl=1 1170w\" sizes=\"auto, (max-width: 640px) 100vw, 640px\" \/><figcaption class=\"wp-element-caption\">Vai ser uma disputa de desgaste entre Lula e Fl\u00e1vio Foto : EBC<\/figcaption><\/figure>\n<\/div>\n\n\n<p class=\"wp-block-paragraph\">A respeito das elei\u00e7\u00f5es presidenciais. As cartas est\u00e3o na mesa. O hor\u00e1rio pol\u00edtico gratuito no r\u00e1dio e na TV come\u00e7ou na \u00faltima sexta-feira (28). Segundo os analistas, mesmo com a populariza\u00e7\u00e3o das redes sociais, o hor\u00e1rio eleitoral ainda tem um peso significativo na defini\u00e7\u00e3o do voto. Citam v\u00e1rios motivos para a persist\u00eancia dessa relev\u00e2ncia, um deles \u00e9 que existem 15 milh\u00f5es de brasileiros sem acesso \u00e0 internet. E no meio deles podem estar os votos dos indecisos que ir\u00e3o decidir a parada. A exemplo de outros anos, as elei\u00e7\u00f5es presidenciais est\u00e3o polarizadas, desta vez entre o senador Fl\u00e1vio Bolsonaro (PL-RJ), 45 anos, e o presidente Luiz In\u00e1cio Lula da Silva (PT), 80 anos, que concorre \u00e0 reelei\u00e7\u00e3o. Eles contam com os votos dos seus seguidores para chegar ao segundo turno. Mas ser\u00e3o os indecisos que decidir\u00e3o quem ser\u00e1 eleito. Claro, lembro que na pol\u00edtica nada \u00e9 definitivo. H\u00e1 uma pequena chance de emergir um terceiro candidato, um \u201cazar\u00e3o\u201d. Tratei do assunto na ter\u00e7a-feira (25) no post\u00a0<em>A imprensa, a polariza\u00e7\u00e3o Lula x Fl\u00e1vio e a brecha para um terceiro candidato<\/em>. H\u00e1 v\u00e1rios disputando essa vaga, como o ex-governador de Goi\u00e1s, Ronaldo Caiado, (PSD), 76 anos, e at\u00e9 o escritor Augusto Cury, 70 anos, que em pesquisa divulgada na segunda-feira (31) surpreendeu aparecendo em terceiro lugar. Renan Santos (Miss\u00e3o), 42 anos, que vinha se consolidando na terceira coloca\u00e7\u00e3o, sofreu um rev\u00e9s nesta segunda-feira. Sua campanha foi parcialmente suspensa pelo ministro Dias Toffoli, do Tribunal Superior Eleitoral (TSE), por omiss\u00e3o de algumas de suas contas nas redes sociais. A decis\u00e3o pode ser revertida.<\/p>\n\n\n\n<p class=\"wp-block-paragraph\">Como ser\u00e1 essa primeira semana da reta final das elei\u00e7\u00f5es? Vamos conversar sobre o assunto. Iniciamos contextualizando o nosso papo, como manda o manual do bom jornalismo. H\u00e1 13 candidatos a presidente disputando a prefer\u00eancia dos 150 milh\u00f5es de brasileiros aptos a votar. O senador Fl\u00e1vio foi escolhido pelo seu pai, o ex-presidente da Rep\u00fablica Jair Bolsonaro (PL), 71 anos, para substitu\u00ed-lo na disputa presidencial por dois motivos. O primeiro \u00e9 que, ainda em 2023, foi julgado ineleg\u00edvel at\u00e9 2030 pelo TSE. E o segundo \u00e9 que, no ano passado, ele foi condenado a 27 anos de pris\u00e3o pelo Supremo Tribunal Federal (STF) por ter se envolvido em uma tentativa de golpe de estado \u2013 mat\u00e9rias dispon\u00edveis na internet. Se Fl\u00e1vio ganhar as elei\u00e7\u00f5es, \u00f3timo. Se perder, preservar\u00e1 o patrim\u00f4nio pol\u00edtico do pai na fam\u00edlia Bolsonaro. Aos 80 anos, Lula concorre ao seu \u00faltimo mandato. Se vencer, influenciar\u00e1 diretamente na escolha do seu sucessor. Se perder, volta para casa para trabalhar pelo partido, ajudando a preparar o candidato do PT \u00e0 Presid\u00eancia em 2030. Terminada a contextualiza\u00e7\u00e3o, vamos falar sobre o que poder\u00e1 ocorrer na reta final da disputa entre o senador e o presidente Lula. Nas pesquisas para o segundo turno, os dois est\u00e3o empatados tecnicamente. O voto do indeciso decidir\u00e1 esse empate. \u00c9 poss\u00edvel o surgimento de um fato novo que possa \u201cvirar a mesa\u201d e um dos candidatos disparar na frente na inten\u00e7\u00e3o de votos? \u00c9. Porque tudo \u00e9 poss\u00edvel na pol\u00edtica, nos ensina a hist\u00f3ria. O mais prov\u00e1vel \u00e9 que os candidatos sigam apostando na t\u00e1tica de desgaste pol\u00edtico do advers\u00e1rio, como aconteceu nas elei\u00e7\u00f5es de 2022, quando Bolsonaro concorreu \u00e0 reelei\u00e7\u00e3o e perdeu para Lula. Esse tipo de disputa exige aten\u00e7\u00e3o m\u00e1xima das equipes envolvidas nas estrat\u00e9gias da campanha. Por qu\u00ea? Uso o linguajar das mesas dos botecos de jornalistas para responder: \u201cDeixou uma bola picando na \u00e1rea, j\u00e1 era\u201d.<\/p>\n\n\n\n<p class=\"wp-block-paragraph\">Como j\u00e1 disse, o leitor que Lula e Fl\u00e1vio est\u00e3o disputando \u00e9 aquele que s\u00f3 decide em quem vai votar na manh\u00e3 do dia da elei\u00e7\u00e3o. Antigamente, esse eleitor era um desconhecido para os estrategistas das campanhas. Hoje n\u00e3o \u00e9 mais, porque o aperfei\u00e7oamento das pesquisas eleitorais facilitou a sua localiza\u00e7\u00e3o e a descoberta dos seus h\u00e1bitos de viver. O que permite aos estrategistas organizarem abordagens espec\u00edficas para o perfil do indeciso. Lembro que em 1989, na primeira elei\u00e7\u00e3o direta para presidente da Rep\u00fablica depois de 21 anos de ditadura militar, a minha gera\u00e7\u00e3o de rep\u00f3rteres precisou \u201caprender na marra\u201d como funcionavam as pesquisas eleitorais, as campanhas, a vota\u00e7\u00e3o e a apura\u00e7\u00e3o dos votos. Comecei a trabalhar em reda\u00e7\u00e3o em 1979, em plena ditadura, e s\u00f3 uma d\u00e9cada depois aconteceu a primeira elei\u00e7\u00e3o livre. Foi uma loucura. Levaram uma semana para apurar os votos. Em 2014, quando sa\u00ed da reda\u00e7\u00e3o para continuar pelas estradas em busca de boas hist\u00f3rias para escrever, a urna eletr\u00f4nica garantiu a apura\u00e7\u00e3o do resultado ainda no dia da vota\u00e7\u00e3o. E o mais importante: colocou um ponto final no chamado \u201cvoto de cabresto\u201d, assim definido como um tipo de fraude eleitoral em que o eleitor era obrigado a votar no chefe pol\u00edtico de uma regi\u00e3o. N\u00e3o estou contando essa hist\u00f3ria por saudosismo. Estou aproveitando uma oportunidade para lembrar que muita gente foi presa, torturada e morta pelo regime militar lutando pela nossa democracia. Ela \u00e9 jovem se comparada com as democracias centen\u00e1rias de pa\u00edses como os Estados Unidos, mas tem musculatura suficiente para resistir aos ataques autorit\u00e1rios como os que aconteceram no final de 2022 e em 8 de janeiro de 2023, quando seguidores do ex-presidente Bolsonaro que estavam acampados na frente de unidades militares invadiram e quebraram tudo que encontraram pela frente no Pal\u00e1cio do Planalto, no STF e no Congresso, em Bras\u00edlia (DF). Aquele epis\u00f3dio foi fartamente documentado em v\u00eddeos e fotos e nas 880 p\u00e1ginas do relat\u00f3rio final da investiga\u00e7\u00e3o feita pela Pol\u00edcia Federal (PF). Todo esse material serviu de prova para a Primeira Turma do STF condenar e decretar a pris\u00e3o de mais de mil pessoas envolvidas na tentativa de golpe. Estou muito curioso para ler o livro do tenente-brigadeiro Carlos de Almeida Baptista J\u00fanior, 65 anos, ex-comandante da For\u00e7a A\u00e9rea Brasileira (FAB), chamado&nbsp;<em>Eu disse N\u00c3O! \u2013 Uma trincheira antigolpista<\/em>. Conta a hist\u00f3ria da press\u00e3o que o ex-presidente fez na c\u00fapula das For\u00e7as Armadas para aderir \u00e0 tentativa de golpe de estado.<\/p>\n\n\n\n<p class=\"wp-block-paragraph\">Para terminar a nossa conversa. O fato da Constitui\u00e7\u00e3o ter musculatura suficiente para resistir \u00e0s tentativas de golpe n\u00e3o significa que devemos ficar desatentos aos fatos. Lembro que ningu\u00e9m imaginava que aconteceria o 6 de janeiro de 2021 nos Estados Unidos. O ent\u00e3o presidente Donald Trump (republicano), 80 anos, incentivou seus seguidores a invadirem o pr\u00e9dio do Congresso (Capit\u00f3lio), em Washington (DC), para impedir a certifica\u00e7\u00e3o da elei\u00e7\u00e3o de Joe Biden (democrata), 83 anos, que o havia derrotado na sua tentativa de se reeleger. A democracia americana tem 250 anos. Como disse, a brasileira \u00e9 jovem, tem 38 anos. Mas \u00e9 forte o suficiente para garantir a realiza\u00e7\u00e3o de uma elei\u00e7\u00e3o limpa e garantir que o ganhador assumir\u00e1.<\/p>\n","protected":false},"excerpt":{"rendered":"<p>A respeito das elei\u00e7\u00f5es presidenciais. As cartas est\u00e3o na mesa. O hor\u00e1rio pol\u00edtico gratuito no r\u00e1dio e na TV come\u00e7ou na \u00faltima sexta-feira (28). Segundo os analistas, mesmo com a populariza\u00e7\u00e3o das redes sociais, o hor\u00e1rio eleitoral ainda tem um peso significativo na defini\u00e7\u00e3o do voto. Citam v\u00e1rios motivos para a persist\u00eancia dessa relev\u00e2ncia, um <a class=\"read-more\" href=\"https:\/\/carloswagner.jor.br\/blog\/2026\/09\/01\/a-imprensa-sera-surpreendida-na-reta-final-das-eleicoes-presidenciais-de-2026\/\">Read More&#8230;<\/a><\/p>\n","protected":false},"author":1,"featured_media":0,"comment_status":"open","ping_status":"open","sticky":false,"template":"","format":"standard","meta":{"_jetpack_newsletter_access":"","_jetpack_dont_email_post_to_subs":false,"_jetpack_newsletter_tier_id":0,"_jetpack_memberships_contains_paywalled_content":false,"_jetpack_feature_clip_id":0,"_jetpack_memberships_contains_paid_content":false,"footnotes":"","jetpack_publicize_message":"","jetpack_publicize_feature_enabled":true,"jetpack_social_post_already_shared":true,"jetpack_social_options":{"image_generator_settings":{"template":"highway","default_image_id":0,"font":"","enabled":false},"version":2},"jetpack_post_was_ever_published":false},"categories":[1],"tags":[3369,1812,3370,296,77],"class_list":["post-19439","post","type-post","status-publish","format-standard","hentry","category-geral","tag-augusto-cury","tag-flavio","tag-horario-politico-gratui","tag-lula","tag-trump"],"jetpack_publicize_connections":[],"jetpack_sharing_enabled":true,"jetpack_shortlink":"https:\/\/wp.me\/p7Requ-53x","jetpack-related-posts":[{"id":15435,"url":"https:\/\/carloswagner.jor.br\/blog\/2026\/04\/03\/a-luta-de-caiado-para-nao-ser-o-puxadinho-de-flavio-nas-eleicoes-presidenciais\/","url_meta":{"origin":19439,"position":0},"title":"A luta de Caiado para n\u00e3o ser o \u201cpuxadinho\u201d de Fl\u00e1vio nas elei\u00e7\u00f5es presidenciais","author":"Carlos Wagner","date":"3 de abril de 2026","format":false,"excerpt":"Qual candidato o \"andar de cima\" do agroneg\u00f3cio ir\u00e1 apoiar Foto: EBC Na segunda-feira (30), assisti atentamente ao discurso do ex-governador de Goi\u00e1s Ronaldo Caiado (PSD), 76 anos, depois de ter sido escolhido pelo presidente do seu partido, Gilberto Kassab, 65 anos, para ser o candidato \u00e0 Presid\u00eancia da Rep\u00fablica\u2026","rel":"","context":"Em &quot;Geral&quot;","block_context":{"text":"Geral","link":"https:\/\/carloswagner.jor.br\/blog\/category\/geral\/"},"img":{"alt_text":"","src":"https:\/\/i0.wp.com\/carloswagner.jor.br\/blog\/wp-content\/uploads\/2026\/04\/image.png?resize=350%2C200&ssl=1","width":350,"height":200,"srcset":"https:\/\/i0.wp.com\/carloswagner.jor.br\/blog\/wp-content\/uploads\/2026\/04\/image.png?resize=350%2C200&ssl=1 1x, https:\/\/i0.wp.com\/carloswagner.jor.br\/blog\/wp-content\/uploads\/2026\/04\/image.png?resize=525%2C300&ssl=1 1.5x, https:\/\/i0.wp.com\/carloswagner.jor.br\/blog\/wp-content\/uploads\/2026\/04\/image.png?resize=700%2C400&ssl=1 2x"},"classes":[]},{"id":18081,"url":"https:\/\/carloswagner.jor.br\/blog\/2026\/07\/10\/por-que-as-candidaturas-de-zema-e-caiado-nao-decolaram-nas-pesquisas\/","url_meta":{"origin":19439,"position":1},"title":"Por que as candidaturas de Zema e Caiado n\u00e3o decolaram nas pesquisas?","author":"Carlos Wagner","date":"10 de julho de 2026","format":false,"excerpt":"Os bastidores dos Bolsonaro v\u00e3o influenciar as elei\u00e7\u00f5es Foto: Reprodu\u00e7\u00e3o A imprensa est\u00e1 devendo uma explica\u00e7\u00e3o para os leitores. Por que n\u00e3o decolaram nas pesquisas de inten\u00e7\u00e3o de votos as candidaturas a presidente da Rep\u00fablica dos ex-governadores Ronaldo Caiado (PSD), 76 anos, de Goi\u00e1s, e Romeu Zema (Novo), 61 anos,\u2026","rel":"","context":"Em &quot;Geral&quot;","block_context":{"text":"Geral","link":"https:\/\/carloswagner.jor.br\/blog\/category\/geral\/"},"img":{"alt_text":"","src":"https:\/\/i0.wp.com\/carloswagner.jor.br\/blog\/wp-content\/uploads\/2026\/07\/image-2.png?resize=350%2C200&ssl=1","width":350,"height":200,"srcset":"https:\/\/i0.wp.com\/carloswagner.jor.br\/blog\/wp-content\/uploads\/2026\/07\/image-2.png?resize=350%2C200&ssl=1 1x, https:\/\/i0.wp.com\/carloswagner.jor.br\/blog\/wp-content\/uploads\/2026\/07\/image-2.png?resize=525%2C300&ssl=1 1.5x, https:\/\/i0.wp.com\/carloswagner.jor.br\/blog\/wp-content\/uploads\/2026\/07\/image-2.png?resize=700%2C400&ssl=1 2x"},"classes":[]},{"id":16536,"url":"https:\/\/carloswagner.jor.br\/blog\/2026\/05\/19\/o-irmao-vorcaro-de-flavio-derruba-o-disfarce-de-bolsonaro-bonzinho\/","url_meta":{"origin":19439,"position":2},"title":"O \u201cirm\u00e3o Vorcaro\u201d de Fl\u00e1vio derruba o disfarce de \u201cBolsonaro bonzinho\u201d?","author":"Carlos Wagner","date":"19 de maio de 2026","format":false,"excerpt":"Caso do Banco Master abriu os debates das elei\u00e7\u00f5es de 2026 Foto: EBC A lida di\u00e1ria da reportagem nos ensina que na pol\u00edtica nada \u00e9 definitivo at\u00e9 que seja contado o \u00faltimo voto na urna. Portanto, \u00e9 precipitado estimar o tamanho dos estragos, ou benef\u00edcios, que trar\u00e3o para a candidatura\u2026","rel":"","context":"Em &quot;Geral&quot;","block_context":{"text":"Geral","link":"https:\/\/carloswagner.jor.br\/blog\/category\/geral\/"},"img":{"alt_text":"","src":"https:\/\/i0.wp.com\/carloswagner.jor.br\/blog\/wp-content\/uploads\/2026\/05\/image-5.png?resize=350%2C200&ssl=1","width":350,"height":200,"srcset":"https:\/\/i0.wp.com\/carloswagner.jor.br\/blog\/wp-content\/uploads\/2026\/05\/image-5.png?resize=350%2C200&ssl=1 1x, https:\/\/i0.wp.com\/carloswagner.jor.br\/blog\/wp-content\/uploads\/2026\/05\/image-5.png?resize=525%2C300&ssl=1 1.5x, https:\/\/i0.wp.com\/carloswagner.jor.br\/blog\/wp-content\/uploads\/2026\/05\/image-5.png?resize=700%2C400&ssl=1 2x"},"classes":[]},{"id":15971,"url":"https:\/\/carloswagner.jor.br\/blog\/2026\/05\/05\/bola-nas-costas-de-alcolumbre-em-lula-e-um-tiro-pela-culatra-para-os-bolsonaristas\/","url_meta":{"origin":19439,"position":3},"title":"\u201cBola nas costas\u201d de Alcolumbre em Lula \u00e9 um \u201ctiro pela culatra\u201d para os bolsonaristas?","author":"Carlos Wagner","date":"5 de maio de 2026","format":false,"excerpt":"As elei\u00e7\u00f5es ser\u00e3o ganhas por quem contar a hist\u00f3ria que os eleitores querem ouvir Foto: Reprodu\u00e7\u00e3o Usando uma express\u00e3o popular. \u00c9 do jogo da disputa pol\u00edtica a \u201cbola nas costas\u201d que o presidente da Rep\u00fablica, Luiz In\u00e1cio Lula da Silva (PT), 80 anos, levou do presidente do Senado, Davi Alcolumbre\u2026","rel":"","context":"Em &quot;Geral&quot;","block_context":{"text":"Geral","link":"https:\/\/carloswagner.jor.br\/blog\/category\/geral\/"},"img":{"alt_text":"","src":"https:\/\/i0.wp.com\/carloswagner.jor.br\/blog\/wp-content\/uploads\/2026\/05\/image-1.png?resize=350%2C200&ssl=1","width":350,"height":200,"srcset":"https:\/\/i0.wp.com\/carloswagner.jor.br\/blog\/wp-content\/uploads\/2026\/05\/image-1.png?resize=350%2C200&ssl=1 1x, https:\/\/i0.wp.com\/carloswagner.jor.br\/blog\/wp-content\/uploads\/2026\/05\/image-1.png?resize=525%2C300&ssl=1 1.5x, https:\/\/i0.wp.com\/carloswagner.jor.br\/blog\/wp-content\/uploads\/2026\/05\/image-1.png?resize=700%2C400&ssl=1 2x, https:\/\/i0.wp.com\/carloswagner.jor.br\/blog\/wp-content\/uploads\/2026\/05\/image-1.png?resize=1050%2C600&ssl=1 3x, https:\/\/i0.wp.com\/carloswagner.jor.br\/blog\/wp-content\/uploads\/2026\/05\/image-1.png?resize=1400%2C800&ssl=1 4x"},"classes":[]},{"id":18764,"url":"https:\/\/carloswagner.jor.br\/blog\/2026\/07\/28\/a-imprensa-e-o-comportamento-de-trump-nas-eleicoes-presidenciais-do-brasil\/","url_meta":{"origin":19439,"position":4},"title":"A imprensa e o comportamento de Trump nas elei\u00e7\u00f5es presidenciais do Brasil","author":"Carlos Wagner","date":"28 de julho de 2026","format":false,"excerpt":"A soma do \"tarifa\u00e7o\" com a guerra do Ir\u00e3 bagun\u00e7ou a economia mundial Foto: Reprodu\u00e7\u00e3o A rigor, a disputa eleitoral de 2026, especialmente para a Presid\u00eancia da Rep\u00fablica, se iniciou no segundo seguinte ao que os eleitos no pleito de 2022 tomaram posse em seus mandatos, em janeiro de 2023.\u2026","rel":"","context":"Em &quot;Geral&quot;","block_context":{"text":"Geral","link":"https:\/\/carloswagner.jor.br\/blog\/category\/geral\/"},"img":{"alt_text":"","src":"https:\/\/i0.wp.com\/carloswagner.jor.br\/blog\/wp-content\/uploads\/2026\/07\/image-9.png?resize=350%2C200&ssl=1","width":350,"height":200,"srcset":"https:\/\/i0.wp.com\/carloswagner.jor.br\/blog\/wp-content\/uploads\/2026\/07\/image-9.png?resize=350%2C200&ssl=1 1x, https:\/\/i0.wp.com\/carloswagner.jor.br\/blog\/wp-content\/uploads\/2026\/07\/image-9.png?resize=525%2C300&ssl=1 1.5x, https:\/\/i0.wp.com\/carloswagner.jor.br\/blog\/wp-content\/uploads\/2026\/07\/image-9.png?resize=700%2C400&ssl=1 2x"},"classes":[]},{"id":14501,"url":"https:\/\/carloswagner.jor.br\/blog\/2026\/02\/13\/a-cartada-de-kassab-para-acabar-com-polarizacao-entre-lula-e-flavio\/","url_meta":{"origin":19439,"position":5},"title":"A cartada de Kassab para acabar com polariza\u00e7\u00e3o entre Lula e Fl\u00e1vio","author":"Carlos Wagner","date":"13 de fevereiro de 2026","format":false,"excerpt":"Aposta \u00e9 que disputa entre os tr\u00eas governadores ir\u00e1 consolidar um candidato de centro Foto: EBC Qual \u00e9 a jogada na disputa pela Presid\u00eancia da Rep\u00fablica que est\u00e1 sendo armada pelo experiente e respeitado Gilberto Kassab, 65 anos? Presidente do Partido Social Democr\u00e1tico (PSD), fundado 2011 com a proposta de\u2026","rel":"","context":"Em &quot;Geral&quot;","block_context":{"text":"Geral","link":"https:\/\/carloswagner.jor.br\/blog\/category\/geral\/"},"img":{"alt_text":"","src":"https:\/\/i0.wp.com\/carloswagner.jor.br\/blog\/wp-content\/uploads\/2026\/02\/image-3.png?resize=350%2C200&ssl=1","width":350,"height":200,"srcset":"https:\/\/i0.wp.com\/carloswagner.jor.br\/blog\/wp-content\/uploads\/2026\/02\/image-3.png?resize=350%2C200&ssl=1 1x, https:\/\/i0.wp.com\/carloswagner.jor.br\/blog\/wp-content\/uploads\/2026\/02\/image-3.png?resize=525%2C300&ssl=1 1.5x, https:\/\/i0.wp.com\/carloswagner.jor.br\/blog\/wp-content\/uploads\/2026\/02\/image-3.png?resize=700%2C400&ssl=1 2x, https:\/\/i0.wp.com\/carloswagner.jor.br\/blog\/wp-content\/uploads\/2026\/02\/image-3.png?resize=1050%2C600&ssl=1 3x"},"classes":[]}],"jetpack_likes_enabled":true,"jetpack_featured_media_url":"","_links":{"self":[{"href":"https:\/\/carloswagner.jor.br\/blog\/wp-json\/wp\/v2\/posts\/19439","targetHints":{"allow":["GET"]}}],"collection":[{"href":"https:\/\/carloswagner.jor.br\/blog\/wp-json\/wp\/v2\/posts"}],"about":[{"href":"https:\/\/carloswagner.jor.br\/blog\/wp-json\/wp\/v2\/types\/post"}],"author":[{"embeddable":true,"href":"https:\/\/carloswagner.jor.br\/blog\/wp-json\/wp\/v2\/users\/1"}],"replies":[{"embeddable":true,"href":"https:\/\/carloswagner.jor.br\/blog\/wp-json\/wp\/v2\/comments?post=19439"}],"version-history":[{"count":1,"href":"https:\/\/carloswagner.jor.br\/blog\/wp-json\/wp\/v2\/posts\/19439\/revisions"}],"predecessor-version":[{"id":19441,"href":"https:\/\/carloswagner.jor.br\/blog\/wp-json\/wp\/v2\/posts\/19439\/revisions\/19441"}],"wp:attachment":[{"href":"https:\/\/carloswagner.jor.br\/blog\/wp-json\/wp\/v2\/media?parent=19439"}],"wp:term":[{"taxonomy":"category","embeddable":true,"href":"https:\/\/carloswagner.jor.br\/blog\/wp-json\/wp\/v2\/categories?post=19439"},{"taxonomy":"post_tag","embeddable":true,"href":"https:\/\/carloswagner.jor.br\/blog\/wp-json\/wp\/v2\/tags?post=19439"}],"curies":[{"name":"wp","href":"https:\/\/api.w.org\/{rel}","templated":true}]}}