{"id":19552,"date":"2026-09-04T08:26:38","date_gmt":"2026-09-04T11:26:38","guid":{"rendered":"https:\/\/carloswagner.jor.br\/blog\/?p=19552"},"modified":"2026-09-04T08:26:38","modified_gmt":"2026-09-04T11:26:38","slug":"por-que-o-agronegocio-nao-investiu-na-candidatura-de-caiado-a-presidente","status":"publish","type":"post","link":"https:\/\/carloswagner.jor.br\/blog\/2026\/09\/04\/por-que-o-agronegocio-nao-investiu-na-candidatura-de-caiado-a-presidente\/","title":{"rendered":"Por que o agroneg\u00f3cio n\u00e3o investiu na candidatura de Caiado a presidente?"},"content":{"rendered":"<div class=\"wp-block-image\">\n<figure class=\"aligncenter size-large\"><img data-recalc-dims=\"1\" loading=\"lazy\" decoding=\"async\" width=\"640\" height=\"383\" data-attachment-id=\"19553\" data-permalink=\"https:\/\/carloswagner.jor.br\/blog\/2026\/09\/04\/por-que-o-agronegocio-nao-investiu-na-candidatura-de-caiado-a-presidente\/image-101\/\" data-orig-file=\"https:\/\/i0.wp.com\/carloswagner.jor.br\/blog\/wp-content\/uploads\/2026\/09\/image-1.png?fit=1170%2C700&amp;ssl=1\" data-orig-size=\"1170,700\" data-comments-opened=\"1\" data-image-meta=\"{&quot;aperture&quot;:&quot;0&quot;,&quot;credit&quot;:&quot;&quot;,&quot;camera&quot;:&quot;&quot;,&quot;caption&quot;:&quot;&quot;,&quot;created_timestamp&quot;:&quot;0&quot;,&quot;copyright&quot;:&quot;&quot;,&quot;focal_length&quot;:&quot;0&quot;,&quot;iso&quot;:&quot;0&quot;,&quot;shutter_speed&quot;:&quot;0&quot;,&quot;title&quot;:&quot;&quot;,&quot;orientation&quot;:&quot;0&quot;,&quot;alt&quot;:&quot;&quot;}\" data-image-title=\"image\" data-image-description=\"\" data-image-caption=\"\" data-large-file=\"https:\/\/i0.wp.com\/carloswagner.jor.br\/blog\/wp-content\/uploads\/2026\/09\/image-1.png?fit=640%2C383&amp;ssl=1\" src=\"https:\/\/i0.wp.com\/carloswagner.jor.br\/blog\/wp-content\/uploads\/2026\/09\/image-1.png?resize=640%2C383&#038;ssl=1\" alt=\"\" class=\"wp-image-19553\" srcset=\"https:\/\/i0.wp.com\/carloswagner.jor.br\/blog\/wp-content\/uploads\/2026\/09\/image-1.png?resize=1024%2C613&amp;ssl=1 1024w, https:\/\/i0.wp.com\/carloswagner.jor.br\/blog\/wp-content\/uploads\/2026\/09\/image-1.png?resize=300%2C179&amp;ssl=1 300w, https:\/\/i0.wp.com\/carloswagner.jor.br\/blog\/wp-content\/uploads\/2026\/09\/image-1.png?resize=767%2C459&amp;ssl=1 767w, https:\/\/i0.wp.com\/carloswagner.jor.br\/blog\/wp-content\/uploads\/2026\/09\/image-1.png?w=1170&amp;ssl=1 1170w\" sizes=\"auto, (max-width: 640px) 100vw, 640px\" \/><figcaption class=\"wp-element-caption\">Sucess\u00e3o familiar rural muda o perfil pol\u00edtico e econ\u00f4mico da regi\u00e3o Foto: EBC<\/figcaption><\/figure>\n<\/div>\n\n\n<p class=\"wp-block-paragraph\">Fa\u00e7o parte de uma rede de rep\u00f3rteres que no auge dos conflitos agr\u00e1rios do Brasil, na d\u00e9cada de 80 e in\u00edcio dos anos 90, se encontravam nas coberturas das invas\u00f5es de fazendas realizadas nos sert\u00f5es do pa\u00eds pelo Movimento dos Trabalhadores Rurais Sem Terra (MST) e outras organiza\u00e7\u00f5es sociais. Os programas de reforma agr\u00e1ria do governo federal diminu\u00edram sensivelmente os conflitos no campo e as ocupa\u00e7\u00f5es de terra se tornaram raras. Entre n\u00f3s rep\u00f3rteres ficou a amizade e os n\u00fameros de telefones para conversar e \u201ctrocar ideias\u201d. Na \u00e9poca que s\u00f3 existia o telefone fixo era dif\u00edcil bater um papo. Era preciso ligar e marcar a hora da conversa. Hoje, com as atuais tecnologias, \u00e9 uma barbada. Nunca falamos tanto. Lembrei-me da turma na quarta-feira (2), quando sa\u00edram os resultados da pesquisa da Quaest sobre as inten\u00e7\u00f5es de voto dos seis principais candidatos a presidente da Rep\u00fablica no primeiro turno: Lula teve 37%, Fl\u00e1vio Bolsonaro, 29%, Augusto Cury, 10%, Renan Santos, 3%, Ronaldo Caiado, 1%, e Romeu Zema, 1%. A grande novidade da pesquisa foi a consolida\u00e7\u00e3o em terceiro lugar de Cury (Avante), um psiquiatra e escritor que j\u00e1 vendeu mais de 40 mil livros de \u201cautoajuda\u201d.<\/p>\n\n\n\n<p class=\"wp-block-paragraph\">Liguei para colegas dos tempos das coberturas dos conflitos agr\u00e1rios para conversar sobre um desses candidatos: o ex-governador de Goi\u00e1s Ronaldo Caiado (PSD), 76 anos. N\u00f3s conhecemos Caiado na d\u00e9cada de 80. Foi o primeiro que teve coragem de assumir, perante os jornalistas, que era de direita. O Brasil acabara de sair do trauma de ter sido governado durante 21 anos por uma ditadura militar que deixou um rastro de presos pol\u00edticos torturados, desaparecidos e mortos. A ferida aberta pelo golpe de estado de 1964 ainda estava  muito viva. Caiado montou a Uni\u00e3o Democr\u00e1tica Ruralista (UDR) para defender os interesses pol\u00edticos e econ\u00f4micos dos fazendeiros. Ele \u00e9 m\u00e9dico e foi deputado federal v\u00e1rias vezes e senador. Inclusive, concorreu a presidente da Rep\u00fablica na primeira elei\u00e7\u00e3o direta depois da ditadura, em 1989, que foi vencida por Fernando Collor de Mello. Resumindo: \u00e9 veterano na pol\u00edtica. E na atual disputa, dependendo da empresa que fez o levantamento, vinha oscilando em 4% e 7% das inten\u00e7\u00f5es de voto. Agora chegou ao fundo do po\u00e7o. Perguntei para um colega que mora em Bras\u00edlia (DF): \u201cTch\u00ea, o que houve com o Caiado, ele simplesmente desapareceu nas pesquisas?\u201d. Ele respondeu: \u201cPerdeu muito tempo apostando no Bolsonaro\u201d. Caiado pertencia a um grupo de candidatos que pleiteava a indica\u00e7\u00e3o do ex-presidente Jair Bolsonaro (PL), 71 anos, para substitu\u00ed-lo na disputa contra Luiz In\u00e1cio Lula da Silva (PT), 80 anos, que concorre \u00e0 reelei\u00e7\u00e3o. O Tribunal Superior Eleitoral (TSE) tornou Bolsonaro ineleg\u00edvel at\u00e9 2030 e atualmente ele cumpre uma pena de 27 anos de pris\u00e3o por ter se envolvido em uma tentativa de golpe de estado \u2013 mat\u00e9rias na internet. No final de 2025, Bolsonaro decidiu que seu substituto seria o filho mais velho, o senador Fl\u00e1vio Bolsonaro (PL-RJ), 45 anos, com o objetivo de manter o patrim\u00f4nio pol\u00edtico com a fam\u00edlia. Fl\u00e1vio e Lula est\u00e3o polarizando a disputa e as pesquisas indicam um empate t\u00e9cnico entre ambos no segundo turno.<\/p>\n\n\n\n<p class=\"wp-block-paragraph\">Respondi ao meu colega rep\u00f3rter que n\u00e3o concordava que Caiado tivesse perdido tempo apostando na possibilidade de ser indicado por Bolsonaro. Citei dois motivos. O primeiro \u00e9 que ele tem uma hist\u00f3ria pol\u00edtica pr\u00f3pria. N\u00e3o \u00e9 um desconhecido da opini\u00e3o p\u00fablica nacional. Fizemos dezenas de mat\u00e9rias sobre ele nas d\u00e9cadas de 80 e 90. Lembro-me que quando Bolsonaro assumiu o seu mandato, em 2019, nomeou o presidente licenciado da UDR, Luiz Ant\u00f4nio Nabhan Garcia, 68 anos, para titular da Secretaria Especial de Assuntos Fundi\u00e1rios. A UDR ainda existe e atua no Congresso fazendo press\u00e3o na defesa dos propriet\u00e1rios de terras. Mas o segundo motivo \u00e9 o que julgo ter sido a principal causa da candidatura de Caiado n\u00e3o ter decolado. Durante a campanha, ele gritou aos quatro ventos que, caso fosse eleito, anistiaria o ex-presidente e seus seguidores que se envolveram na tentativa de golpe de estado. Pesquisas mostram que mais de 60% dos brasileiros n\u00e3o querem ouvir falar em anistia. E desejam ficar longe de golpistas. Tratei desse assunto em duas ocasi\u00f5es. Em abril, no post&nbsp;<em>A luta de Caiado para n\u00e3o ser um \u201cpuxadinho\u201d de Fl\u00e1vio nas elei\u00e7\u00f5es presidenciais<\/em>. E, em julho, no post&nbsp;<em>Por que as candidaturas de Zema e Caiado n\u00e3o decolaram nas pesquisas?<\/em>. Caiado justificou o fato de estar com 1% das inten\u00e7\u00f5es de voto dizendo que os eleitores ainda est\u00e3o escolhendo os candidatos. Ele est\u00e1 h\u00e1 mais de um ano fazendo campanha. Conversei sobre Caiado com outro colega rep\u00f3rter que mora em Campo Grande, capital do Mato Grosso do Sul. Na consolida\u00e7\u00e3o do chamamos de grandes produtores de gr\u00e3os do agroneg\u00f3cio, a UDR de Caiado foi fundamental na articula\u00e7\u00e3o pol\u00edtica. Disse para o meu colega que acreditava que esses grupos de grandes produtores iriam segurar a \u201cbarra do Caiado\u201d e dar sustenta\u00e7\u00e3o para que ele tivesse um bom desempenho nas elei\u00e7\u00f5es. Perguntei ao colega de Campo Grande por que o agroneg\u00f3cio n\u00e3o apostou em Caiado. Ele respondeu: \u201cSimples, toda aquela gera\u00e7\u00e3o que implantou as lavouras nas d\u00e9cadas 80 e 90 se aposentou e passou os neg\u00f3cios para os filhos, que desconhecem a hist\u00f3ria dos conflitos agr\u00e1rios\u201d. Ele tem raz\u00e3o. Vi e documentei na minha trilogia&nbsp;<em>Brasil de Bombachas<\/em>, tr\u00eas livros (lan\u00e7ados em 1996, 2011 e 2019) que contam a hist\u00f3ria dos ga\u00fachos e seus descendentes que povoaram o Centro-Oeste e Norte do pa\u00eds. A \u00faltima vez que rodei pela regi\u00e3o, em 2018, tratei da sucess\u00e3o familiar. A elei\u00e7\u00e3o deste ano e a de 2030 fechar\u00e3o um ciclo na hist\u00f3ria da disputa pol\u00edtica no Brasil.<\/p>\n\n\n\n<p class=\"wp-block-paragraph\">Encerro a nossa conversa lembrando aos meus colegas rep\u00f3rteres um assunto que merece a aten\u00e7\u00e3o da imprensa. A sucess\u00e3o familiar no agroneg\u00f3cio, que muda o perfil econ\u00f4mico, pol\u00edtico e tecnol\u00f3gico de uma regi\u00e3o. Ao contr\u00e1rio do que \u00e9 alardeado, o agroneg\u00f3cio n\u00e3o se resume aos grandes propriet\u00e1rios de terra e aos donos de vastos rebanhos. \u00c9 um neg\u00f3cio que envolve grandes, m\u00e9dios e pequenos propriet\u00e1rios e grupos econ\u00f4micos que investem na produ\u00e7\u00e3o de gr\u00e3os e carne. Bancos e cooperativas t\u00eam feito campanhas para motivar os filhos a assumir os neg\u00f3cios da fam\u00edlia.<\/p>\n","protected":false},"excerpt":{"rendered":"<p>Fa\u00e7o parte de uma rede de rep\u00f3rteres que no auge dos conflitos agr\u00e1rios do Brasil, na d\u00e9cada de 80 e in\u00edcio dos anos 90, se encontravam nas coberturas das invas\u00f5es de fazendas realizadas nos sert\u00f5es do pa\u00eds pelo Movimento dos Trabalhadores Rurais Sem Terra (MST) e outras organiza\u00e7\u00f5es sociais. Os programas de reforma agr\u00e1ria do <a class=\"read-more\" href=\"https:\/\/carloswagner.jor.br\/blog\/2026\/09\/04\/por-que-o-agronegocio-nao-investiu-na-candidatura-de-caiado-a-presidente\/\">Read More&#8230;<\/a><\/p>\n","protected":false},"author":1,"featured_media":0,"comment_status":"open","ping_status":"open","sticky":false,"template":"","format":"standard","meta":{"_jetpack_newsletter_access":"","_jetpack_dont_email_post_to_subs":false,"_jetpack_newsletter_tier_id":0,"_jetpack_memberships_contains_paywalled_content":false,"_jetpack_feature_clip_id":0,"_jetpack_memberships_contains_paid_content":false,"footnotes":"","jetpack_publicize_message":"","jetpack_publicize_feature_enabled":true,"jetpack_social_post_already_shared":true,"jetpack_social_options":{"image_generator_settings":{"template":"highway","default_image_id":0,"font":"","enabled":false},"version":2},"jetpack_post_was_ever_published":false},"categories":[1],"tags":[1863,3371,1812,1329,296,2960],"class_list":["post-19552","post","type-post","status-publish","format-standard","hentry","category-geral","tag-caiado","tag-cury","tag-flavio","tag-golpe-de-1964","tag-lula","tag-pesquisa-quest"],"jetpack_publicize_connections":[],"jetpack_sharing_enabled":true,"jetpack_shortlink":"https:\/\/wp.me\/p7Requ-55m","jetpack-related-posts":[{"id":1959,"url":"https:\/\/carloswagner.jor.br\/blog\/2018\/11\/24\/ao-nomear-o-presidente-da-udr-para-tratar-de-assuntos-fundiarios-o-governo-chama-o-mst-para-a-briga\/","url_meta":{"origin":19552,"position":0},"title":"Ao nomear o presidente da UDR para tratar de assuntos fundi\u00e1rios, o governo chama o MST para a briga","author":"Carlos Wagner","date":"24 de novembro de 2018","format":false,"excerpt":"Confronto entre MST, UDR e tropas da pol\u00edcia militar Fazenda Santa Elmira, 1989, Salto do Jacu\u00ed (RS), eu estava l\u00e1. Vamos voltar no tempo? Foto: Paulo Dias\/ arquivo pessoal A hist\u00f3ria \u00e9 a uma preciosa fonte de informa\u00e7\u00f5es para o rep\u00f3rter. E costuma ser um atoleiro para o governante que\u2026","rel":"","context":"Em &quot;Geral&quot;","block_context":{"text":"Geral","link":"https:\/\/carloswagner.jor.br\/blog\/category\/geral\/"},"img":{"alt_text":"","src":"https:\/\/i0.wp.com\/carloswagner.jor.br\/blog\/wp-content\/uploads\/2018\/11\/santa.jpg?resize=350%2C200","width":350,"height":200,"srcset":"https:\/\/i0.wp.com\/carloswagner.jor.br\/blog\/wp-content\/uploads\/2018\/11\/santa.jpg?resize=350%2C200 1x, https:\/\/i0.wp.com\/carloswagner.jor.br\/blog\/wp-content\/uploads\/2018\/11\/santa.jpg?resize=525%2C300 1.5x"},"classes":[]},{"id":4182,"url":"https:\/\/carloswagner.jor.br\/blog\/2021\/02\/18\/antonio-matte-partiu-e-levou-parte-da-historia-da-luta-pela-reforma-agraria\/","url_meta":{"origin":19552,"position":1},"title":"Antonio Matte partiu e levou parte da hist\u00f3ria da luta pela reforma agr\u00e1ria","author":"Carlos Wagner","date":"18 de fevereiro de 2021","format":false,"excerpt":"Marcha pela reforma agr\u00e1ria do MST na cidade de Palmeira das Miss\u00f5es (1985). Foto: Olderige Zardo Foi assim que aconteceu, no dia 11 de mar\u00e7o, um s\u00e1bado chuvoso de 1989, em Salto do Jacu\u00ed, pequeno munic\u00edpio agr\u00edcola do interior ga\u00facho. Fazia uma semana que 1,5 mil agricultores do Movimento dos\u2026","rel":"","context":"Em &quot;Geral&quot;","block_context":{"text":"Geral","link":"https:\/\/carloswagner.jor.br\/blog\/category\/geral\/"},"img":{"alt_text":"","src":"https:\/\/i0.wp.com\/carloswagner.jor.br\/blog\/wp-content\/uploads\/2021\/02\/20210218_071903-scaled.jpg?resize=350%2C200&ssl=1","width":350,"height":200,"srcset":"https:\/\/i0.wp.com\/carloswagner.jor.br\/blog\/wp-content\/uploads\/2021\/02\/20210218_071903-scaled.jpg?resize=350%2C200&ssl=1 1x, https:\/\/i0.wp.com\/carloswagner.jor.br\/blog\/wp-content\/uploads\/2021\/02\/20210218_071903-scaled.jpg?resize=525%2C300&ssl=1 1.5x, https:\/\/i0.wp.com\/carloswagner.jor.br\/blog\/wp-content\/uploads\/2021\/02\/20210218_071903-scaled.jpg?resize=700%2C400&ssl=1 2x, https:\/\/i0.wp.com\/carloswagner.jor.br\/blog\/wp-content\/uploads\/2021\/02\/20210218_071903-scaled.jpg?resize=1050%2C600&ssl=1 3x, https:\/\/i0.wp.com\/carloswagner.jor.br\/blog\/wp-content\/uploads\/2021\/02\/20210218_071903-scaled.jpg?resize=1400%2C800&ssl=1 4x"},"classes":[]},{"id":98,"url":"https:\/\/carloswagner.jor.br\/blog\/2016\/11\/08\/a-genesis-da-pec-241-os-ets-e-os-reporteres\/","url_meta":{"origin":19552,"position":2},"title":"A g\u00eanesis da Pec 241, os Ets e os rep\u00f3rteres","author":"Carlos Wagner","date":"8 de novembro de 2016","format":false,"excerpt":"A hist\u00f3ria do surgimento da PEC 241 \u2013 depois de aprovada pelos deputados federais foi enviada para o Senado e teve sua nomenclatura alterada para PEC 55\/2016 \u2013 n\u00e3o chega a ser uma daquelas hist\u00f3rias mal contadas. Ela entrou de mansinho no cotidiano dos jornalistas e se espalhou como fogo\u2026","rel":"","context":"Em &quot;Geral&quot;","block_context":{"text":"Geral","link":"https:\/\/carloswagner.jor.br\/blog\/category\/geral\/"},"img":{"alt_text":"","src":"","width":0,"height":0},"classes":[]},{"id":4847,"url":"https:\/\/carloswagner.jor.br\/blog\/2021\/10\/05\/imprensa-ainda-nao-descobriu-que-o-agronegocio-nao-tem-um-comando-central\/","url_meta":{"origin":19552,"position":3},"title":"Imprensa ainda n\u00e3o descobriu que o agroneg\u00f3cio n\u00e3o tem um comando central","author":"Carlos Wagner","date":"5 de outubro de 2021","format":false,"excerpt":"O jornalista precisa conhecer melhor como funciona o agroneg\u00f3cio para evitar colocar tudo no mesmo baleio. Foto: Reprodu\u00e7\u00e3o Em nome da precis\u00e3o jornal\u00edstica precisamos ser mais espec\u00edficos quando falamos sobre a participa\u00e7\u00e3o do agroneg\u00f3cio na disputa pol\u00edtica. De uma maneira geral temos considerado como se o entrevistado falasse por todos\u2026","rel":"","context":"Em &quot;Geral&quot;","block_context":{"text":"Geral","link":"https:\/\/carloswagner.jor.br\/blog\/category\/geral\/"},"img":{"alt_text":"","src":"https:\/\/i0.wp.com\/carloswagner.jor.br\/blog\/wp-content\/uploads\/2021\/10\/agro500.jpg?resize=350%2C200&ssl=1","width":350,"height":200,"srcset":"https:\/\/i0.wp.com\/carloswagner.jor.br\/blog\/wp-content\/uploads\/2021\/10\/agro500.jpg?resize=350%2C200&ssl=1 1x, https:\/\/i0.wp.com\/carloswagner.jor.br\/blog\/wp-content\/uploads\/2021\/10\/agro500.jpg?resize=525%2C300&ssl=1 1.5x"},"classes":[]},{"id":5735,"url":"https:\/\/carloswagner.jor.br\/blog\/2022\/06\/21\/prisao-dos-matadores-de-dom-e-de-bruno-nao-e-o-fim-do-caso-e-o-comeco\/","url_meta":{"origin":19552,"position":4},"title":"Pris\u00e3o dos matadores de Dom e de Bruno n\u00e3o \u00e9 o fim do caso. \u00c9 o come\u00e7o","author":"Carlos Wagner","date":"21 de junho de 2022","format":false,"excerpt":"Ainda tem um longa caminho a percorrer a investiga\u00e7\u00e3o da PF sobre as mortes. Foto: Reprodu\u00e7\u00e3o \u00c9 parte da rotina do rep\u00f3rter no final de uma cobertura levar na sua bagagem contatos de fontes para acompanhar a evolu\u00e7\u00e3o do caso. Essa rotina vem de muito longe. Na \u00e9poca que comecei\u2026","rel":"","context":"Em &quot;Geral&quot;","block_context":{"text":"Geral","link":"https:\/\/carloswagner.jor.br\/blog\/category\/geral\/"},"img":{"alt_text":"","src":"https:\/\/i0.wp.com\/carloswagner.jor.br\/blog\/wp-content\/uploads\/2022\/06\/pfbrunodom.jpg?resize=350%2C200&ssl=1","width":350,"height":200},"classes":[]},{"id":1071,"url":"https:\/\/carloswagner.jor.br\/blog\/2018\/01\/03\/a-cobertura-que-vamos-fazer-do-julgamento-de-lula-em-porto-alegre-vai-ser-avaliada-por-reporteres-de-varios-paises\/","url_meta":{"origin":19552,"position":5},"title":"A cobertura que faremos do julgamento de Lula em Porto Alegre ser\u00e1 avaliada por rep\u00f3rteres de v\u00e1rios pa\u00edses","author":"Carlos Wagner","date":"3 de janeiro de 2018","format":false,"excerpt":"Os olhos dos colegas rep\u00f3rteres do mundo, em particular dos\u00a0outros estados do Brasil, estar\u00e3o voltados para o nosso trabalho na cobertura do julgamento no pr\u00f3ximo dia 24, em Porto Alegre, da apela\u00e7\u00e3o do ex-presidente da Rep\u00fablica Luiz In\u00e1cio Lula da Silva (PT \u2013 SP) na sede do Tribunal Regional da\u2026","rel":"","context":"Em &quot;Brasil&quot;","block_context":{"text":"Brasil","link":"https:\/\/carloswagner.jor.br\/blog\/category\/brasil\/"},"img":{"alt_text":"","src":"https:\/\/i0.wp.com\/carloswagner.jor.br\/blog\/wp-content\/uploads\/2018\/01\/Lua-foto-agenciabrasil-e1514989574134-1024x538.jpg?resize=350%2C200","width":350,"height":200,"srcset":"https:\/\/i0.wp.com\/carloswagner.jor.br\/blog\/wp-content\/uploads\/2018\/01\/Lua-foto-agenciabrasil-e1514989574134-1024x538.jpg?resize=350%2C200 1x, https:\/\/i0.wp.com\/carloswagner.jor.br\/blog\/wp-content\/uploads\/2018\/01\/Lua-foto-agenciabrasil-e1514989574134-1024x538.jpg?resize=525%2C300 1.5x"},"classes":[]}],"jetpack_likes_enabled":true,"jetpack_featured_media_url":"","_links":{"self":[{"href":"https:\/\/carloswagner.jor.br\/blog\/wp-json\/wp\/v2\/posts\/19552","targetHints":{"allow":["GET"]}}],"collection":[{"href":"https:\/\/carloswagner.jor.br\/blog\/wp-json\/wp\/v2\/posts"}],"about":[{"href":"https:\/\/carloswagner.jor.br\/blog\/wp-json\/wp\/v2\/types\/post"}],"author":[{"embeddable":true,"href":"https:\/\/carloswagner.jor.br\/blog\/wp-json\/wp\/v2\/users\/1"}],"replies":[{"embeddable":true,"href":"https:\/\/carloswagner.jor.br\/blog\/wp-json\/wp\/v2\/comments?post=19552"}],"version-history":[{"count":1,"href":"https:\/\/carloswagner.jor.br\/blog\/wp-json\/wp\/v2\/posts\/19552\/revisions"}],"predecessor-version":[{"id":19554,"href":"https:\/\/carloswagner.jor.br\/blog\/wp-json\/wp\/v2\/posts\/19552\/revisions\/19554"}],"wp:attachment":[{"href":"https:\/\/carloswagner.jor.br\/blog\/wp-json\/wp\/v2\/media?parent=19552"}],"wp:term":[{"taxonomy":"category","embeddable":true,"href":"https:\/\/carloswagner.jor.br\/blog\/wp-json\/wp\/v2\/categories?post=19552"},{"taxonomy":"post_tag","embeddable":true,"href":"https:\/\/carloswagner.jor.br\/blog\/wp-json\/wp\/v2\/tags?post=19552"}],"curies":[{"name":"wp","href":"https:\/\/api.w.org\/{rel}","templated":true}]}}