{"id":2737,"date":"2019-04-04T12:00:48","date_gmt":"2019-04-04T15:00:48","guid":{"rendered":"http:\/\/carloswagner.jor.br\/blog\/?p=2737"},"modified":"2019-04-06T06:08:00","modified_gmt":"2019-04-06T09:08:00","slug":"insulto-de-flavio-bolsonaro-ao-hamas-vai-gerar-reacao-dos-extremistas","status":"publish","type":"post","link":"https:\/\/carloswagner.jor.br\/blog\/2019\/04\/04\/insulto-de-flavio-bolsonaro-ao-hamas-vai-gerar-reacao-dos-extremistas\/","title":{"rendered":"Insulto de Fl\u00e1vio Bolsonaro ao Hamas vai gerar rea\u00e7\u00e3o dos extremistas?"},"content":{"rendered":"\n<div class=\"wp-block-image\"><figure class=\"aligncenter is-resized\"><img data-recalc-dims=\"1\" loading=\"lazy\" decoding=\"async\" data-attachment-id=\"2738\" data-permalink=\"https:\/\/carloswagner.jor.br\/blog\/2019\/04\/04\/insulto-de-flavio-bolsonaro-ao-hamas-vai-gerar-reacao-dos-extremistas\/hamas-2\/\" data-orig-file=\"https:\/\/i0.wp.com\/carloswagner.jor.br\/blog\/wp-content\/uploads\/2019\/04\/hamas-1.jpg?fit=800%2C600&amp;ssl=1\" data-orig-size=\"800,600\" data-comments-opened=\"1\" data-image-meta=\"{&quot;aperture&quot;:&quot;0&quot;,&quot;credit&quot;:&quot;REUTERS&quot;,&quot;camera&quot;:&quot;&quot;,&quot;caption&quot;:&quot;Palestinian Hamas militants attend a military drill in preparation to any upcoming confrontation with Israel, in the southern Gaza Strip March 25, 2018&quot;,&quot;created_timestamp&quot;:&quot;0&quot;,&quot;copyright&quot;:&quot;Reuters\/Ibraheem Abu Mustafa&quot;,&quot;focal_length&quot;:&quot;0&quot;,&quot;iso&quot;:&quot;0&quot;,&quot;shutter_speed&quot;:&quot;0&quot;,&quot;title&quot;:&quot;Palestinian Hamas militants attend a military drill in preparation to any upcoming confrontation with Israel, in the southern Gaza Strip&quot;,&quot;orientation&quot;:&quot;0&quot;}\" data-image-title=\"hamas\" data-image-description=\"\" data-image-caption=\"&lt;p&gt;Palestinian Hamas militants attend a military drill in preparation to any upcoming confrontation with Israel, in the southern Gaza Strip March 25, 2018&lt;\/p&gt;\n\" data-large-file=\"https:\/\/i0.wp.com\/carloswagner.jor.br\/blog\/wp-content\/uploads\/2019\/04\/hamas-1.jpg?fit=640%2C480&amp;ssl=1\" src=\"https:\/\/i0.wp.com\/carloswagner.jor.br\/blog\/wp-content\/uploads\/2019\/04\/hamas-1.jpg?resize=640%2C481\" alt=\"\" class=\"wp-image-2738\" width=\"640\" height=\"481\" srcset=\"https:\/\/i0.wp.com\/carloswagner.jor.br\/blog\/wp-content\/uploads\/2019\/04\/hamas-1.jpg?w=800&amp;ssl=1 800w, https:\/\/i0.wp.com\/carloswagner.jor.br\/blog\/wp-content\/uploads\/2019\/04\/hamas-1.jpg?resize=300%2C225&amp;ssl=1 300w, https:\/\/i0.wp.com\/carloswagner.jor.br\/blog\/wp-content\/uploads\/2019\/04\/hamas-1.jpg?resize=768%2C576&amp;ssl=1 768w\" sizes=\"auto, (max-width: 640px) 100vw, 640px\" \/><figcaption>O senador carioca tem ideia de quem \u00e9 o Hamas? Foto: arquivo pessoal.<br> <\/figcaption><\/figure><\/div>\n\n\n\n<p> <\/p>\n\n\n\n<p>\u201cEsse a\u00ed \u00e9 do tipo que entra em um paiol de p\u00f3lvora e acende um f\u00f3sforo para encontrar o interruptor da luz.\u201d&nbsp;\u00c9 assim que os&nbsp;sargentos instrutores dos recrutas que prestam o servi\u00e7o militar obrigat\u00f3rio nas For\u00e7as Armadas se referem ao soldado que&nbsp;\u00e9 imprudente no manuseio de material explosivo.&nbsp;Essa imagem \u00e9 muito semelhante ao que fez&nbsp;na visita a Israel o filho do presidente da Rep\u00fablica,&nbsp;Jair Bolsonaro (PSL \u2013 RJ). No caso, o imprudente \u00e9 o filho do presidente, o senador Fl\u00e1vio (PSL \u2013 RJ), que postou nas redes sociais uma ofensa ao&nbsp;Hamas: \u201cQuero que voc\u00eas se EXPLODAM !!!\u201d.&nbsp;A postagem&nbsp;foi feita por conta do protesto dos \u00e1rabes, em especial dos palestinos, com a inten\u00e7\u00e3o do governo brasileiro de seguir o exemplo dos Estados Unidos e instalar a sua embaixada em Jerusal\u00e9m, cidade que \u00e9 disputada pelos \u00e1rabes e judeus. Lideran\u00e7as do agroneg\u00f3cio brasileiro est\u00e3o lembrando ao governo que os \u00e1rabes s\u00e3o grandes compradores de carnes produzidas no Brasil e poder\u00e3o retalhar, procurando outro lugar no mundo para fazer as suas compras \u2013 h\u00e1 dezenas de mat\u00e9rias na internet sobre o caso.<\/p>\n\n\n\n<p>O paiol de p\u00f3lvora descrito pelos sargentos se ajusta \u00e0 regi\u00e3o, o Oriente M\u00e9dio, que foi&nbsp;visitada pelo presidente da Rep\u00fablica. Israel est\u00e1 envolvido em uma disputa de terras&nbsp;com os seus vizinhos palestinos que come\u00e7ou no final da Segunda Guerra, em 1945. Essa disputa \u00e9 parte de um conflito maior&nbsp;envolvendo Israel&nbsp;e os pa\u00edses \u00e1rabes, como Ar\u00e1bia Saudita e Ir\u00e3, que come\u00e7ou nos tempos b\u00edblicos. O f\u00f3sforo \u00e9 a ofensa feita pelo senador ao Hamas, que&nbsp;\u00e9 palestino.&nbsp;Movimento de Resist\u00eancia Isl\u00e2mica, como se chama e nasceu em 1987. E,&nbsp;desde ent\u00e3o, tem se envolvido em lutas armadas e pol\u00edticas contra Israel.&nbsp;Hoje o movimento opera com dois bra\u00e7os: um social e outro armado.&nbsp;Os servi\u00e7os de intelig\u00eancia dos&nbsp;Estados Unidos e dos pa\u00edses da Uni\u00e3o Europ\u00e9ia o consideram um movimento terrorista.&nbsp;O cerco ao Hamas&nbsp; se intensificou quando ele entrou na vida parlamentar da Palestina&nbsp; e com&nbsp; o&nbsp; atentado&nbsp; de 11 de Setembro de 2001 \u00e0s Torres G\u00eameas em Nova Iorque.&nbsp;O Hamas faz parte do mundo \u00e1rabe, onde maioria da popula\u00e7\u00e3o \u00e9 mu\u00e7ulmana e convive em dois extremos:&nbsp;pa\u00edses ricos irrigados pelos chamados petrod\u00f3lares \u2013 dinheiro vindo da venda do petr\u00f3leo \u2013 e&nbsp;estados dilacerados por guerras civis, como \u00e9 o caso da S\u00edria, onde movimentos radicais, tipo&nbsp; Al \u2013 Qaeda e o Estado Isl\u00e2mico, lutam e s\u00e3o apontados como respons\u00e1veis por atentados terroristas em v\u00e1rios cantos do mundo.<\/p>\n\n\n\n<p>Como a ofensa do senador vai ser interpretada&nbsp;pelos outros movimentos armados que operam&nbsp;nos pa\u00edses \u00e1rabes e pelo mundo afora? Ningu\u00e9m sabe.&nbsp;Mas o certo \u00e9 que&nbsp;o filho do presidente da Rep\u00fablica falou demais. A hist\u00f3ria ensina que esse tipo de coisa pode ser perigosa. Nos anos 90, autoridades argentinas foram retaliadas com dois atentados terroristas em Buenos Aires por conta de compromissos n\u00e3o cumpridos que tinham sido assumidos com movimentos radicais \u00e1rabes \u2013 h\u00e1 uma fartura de informa\u00e7\u00f5es sobre o assunto na internet. Em 1992, houve um ataque terrorista contra a&nbsp;Embaixada de Israel, que resultou em 92 mortes e 300 feridos. Dois anos depois, em 1994, outro ataque contra a Associa\u00e7\u00e3o Mutual&nbsp;Israelita, que deixou um salto de 29 mortos e 240 feridos.&nbsp;Como rep\u00f3rter, eu trabalhei nos dois casos. No final dos anos 90,&nbsp; servi\u00e7os de intelig\u00eancia dos Estados&nbsp;Unidos afirmaram que os que executaram os ataques em Buenos Aires tinham passado pela Tr\u00edplice Fronteira \u2013 Brasil, Foz do Igua\u00e7u (PR), Paraguai,&nbsp;Ciudad del Este, e Argentina, Puerto Iguaz\u00fa. Por conta da afirma\u00e7\u00e3o dos servi\u00e7os de intelig\u00eancia dos Estados Unidos sobre a exist\u00eancia de grupos terroristas na Tr\u00edplice Fronteira,&nbsp;em 2000, eu fiquei 10 meses trabalhando na regi\u00e3o, procurando pistas sobre esses grupos.<\/p>\n\n\n\n<p>O que encontrei na Tr\u00edplice Fronteira e publiquei j\u00e1 era do conhecimento do ent\u00e3o Departamento de Intelig\u00eancia da Pol\u00edcia Federal:\u00a0existiam na regi\u00e3o grupos dos chamados \u201cterroristas adormecidos\u201d, que eram descritos como sendo pessoas\u00a0com capacidade t\u00e9cnica de fazer um atentado, que haviam sido ligados a movimentos radicais no Oriente M\u00e9dio e que\u00a0estavam vivendo nas cidades da fronteira envolvidos com outros neg\u00f3cios.\u00a0Logo depois dos atentados das Torres G\u00eameas, os servi\u00e7os de intelig\u00eancia argentino, paraguaio, brasileiro e americano passaram um pente-fino na regi\u00e3o, e o m\u00e1ximo que encontraram foram pessoas que enviavam dinheiro para os seus familiares no Oriente M\u00e9dio.\u00a0Algu\u00e9m deve lembrar ao senador que n\u00e3o \u00e9 prudente acender um f\u00f3sforo dentro um paiol.<\/p>\n","protected":false},"excerpt":{"rendered":"<p>\u201cEsse a\u00ed \u00e9 do tipo que entra em um paiol de p\u00f3lvora e acende um f\u00f3sforo para encontrar o interruptor da luz.\u201d&nbsp;\u00c9 assim que os&nbsp;sargentos instrutores dos recrutas que prestam o servi\u00e7o militar obrigat\u00f3rio nas For\u00e7as Armadas se referem ao soldado que&nbsp;\u00e9 imprudente no manuseio de material explosivo.&nbsp;Essa imagem \u00e9 muito semelhante ao que fez&nbsp;na <a class=\"read-more\" href=\"https:\/\/carloswagner.jor.br\/blog\/2019\/04\/04\/insulto-de-flavio-bolsonaro-ao-hamas-vai-gerar-reacao-dos-extremistas\/\">Read More&#8230;<\/a><\/p>\n","protected":false},"author":1,"featured_media":0,"comment_status":"open","ping_status":"open","sticky":false,"template":"","format":"standard","meta":{"jetpack_post_was_ever_published":false,"_jetpack_newsletter_access":"","_jetpack_dont_email_post_to_subs":false,"_jetpack_newsletter_tier_id":0,"_jetpack_memberships_contains_paywalled_content":false,"_jetpack_memberships_contains_paid_content":false,"footnotes":"","jetpack_publicize_message":"","jetpack_publicize_feature_enabled":true,"jetpack_social_post_already_shared":true,"jetpack_social_options":{"image_generator_settings":{"template":"highway","default_image_id":0,"font":"","enabled":false},"version":2}},"categories":[1],"tags":[153,1531,1530,1532],"class_list":["post-2737","post","type-post","status-publish","format-standard","hentry","category-geral","tag-bolsonaro","tag-hamas","tag-israel","tag-senador"],"jetpack_publicize_connections":[],"jetpack_featured_media_url":"","jetpack_sharing_enabled":true,"jetpack_shortlink":"https:\/\/wp.me\/p7Requ-I9","jetpack-related-posts":[{"id":7242,"url":"https:\/\/carloswagner.jor.br\/blog\/2023\/10\/17\/israel-deveria-dar-ouvidos-a-biden-e-nao-ocupar-gaza-americanos-entendem-de-atoleiro\/","url_meta":{"origin":2737,"position":0},"title":"Israel deveria dar ouvidos a Biden e n\u00e3o ocupar Gaza. Americanos entendem de atoleiro","author":"Carlos Wagner","date":"17 de outubro de 2023","format":false,"excerpt":"Por existir mais perguntas do que respostas \u00e9 imposs\u00edvel saber como a hist\u00f3ria\u00a0ir\u00e1\u00a0terminar Foto: Reprodu\u00e7\u00e3o O primeiro-ministro de Israel, Benjamin Netanyahu, 73 anos, deveria dar ouvidos ao conselho do presidente dos Estados Unidos, Joe Biden, 80 (democrata), e n\u00e3o ocupar com as tropas a Faixa de Gaza para tentar destruir\u2026","rel":"","context":"Em &quot;Geral&quot;","block_context":{"text":"Geral","link":"https:\/\/carloswagner.jor.br\/blog\/category\/geral\/"},"img":{"alt_text":"","src":"https:\/\/i0.wp.com\/carloswagner.jor.br\/blog\/wp-content\/uploads\/2023\/10\/hamasfuga5000.jpeg?resize=350%2C200&ssl=1","width":350,"height":200},"classes":[]},{"id":7266,"url":"https:\/\/carloswagner.jor.br\/blog\/2023\/10\/24\/mesmo-na-guerra-israel-versus-hamas-bolsonaro-consegue-ser-capa-dos-jornais\/","url_meta":{"origin":2737,"position":1},"title":"Mesmo na guerra Israel versus Hamas, Bolsonaro consegue ser capa dos jornais","author":"Carlos Wagner","date":"24 de outubro de 2023","format":false,"excerpt":"Crimes do governo Bolsonaro na pandemia s\u00e3o grandes demais para serem\u00a0esquecidos Fotos: EBC Se colocarmos em fila indiana todos os crimes atribu\u00eddos ao ex-presidente da Rep\u00fablica Jair Bolsonaro (PL), aos seus ministros e aos funcion\u00e1rios graduados do seu governo (2019 a 2022), uma pergunta salta aos olhos: sobrava tempo para\u2026","rel":"","context":"Em &quot;Geral&quot;","block_context":{"text":"Geral","link":"https:\/\/carloswagner.jor.br\/blog\/category\/geral\/"},"img":{"alt_text":"","src":"https:\/\/i0.wp.com\/carloswagner.jor.br\/blog\/wp-content\/uploads\/2023\/10\/covascoletiva5000.jpeg?resize=350%2C200&ssl=1","width":350,"height":200},"classes":[]},{"id":7283,"url":"https:\/\/carloswagner.jor.br\/blog\/2023\/10\/31\/as-imagens-da-guerra-israel-versus-hamas-e-as-eleicoes-presidenciais-americanas\/","url_meta":{"origin":2737,"position":2},"title":"As imagens da guerra Israel versus Hamas e as elei\u00e7\u00f5es presidenciais americanas","author":"Carlos Wagner","date":"31 de outubro de 2023","format":false,"excerpt":"Maior advers\u00e1rio de Biden na reelei\u00e7\u00e3o \u00e9 Trump, um mestre no uso das\u00a0redes\u00a0sociais Foto: Reprodu\u00e7\u00e3o O presidente dos Estados Unidos, Joe Biden (democrata), tem sido muito cuidadoso com as palavras ditas a respeito da guerra entre Israel e o Hamas. Especialmente nas conversas p\u00fablicas com o primeiro-ministro israelense Benjamin Netanyahu,\u2026","rel":"","context":"Em &quot;Geral&quot;","block_context":{"text":"Geral","link":"https:\/\/carloswagner.jor.br\/blog\/category\/geral\/"},"img":{"alt_text":"","src":"https:\/\/i0.wp.com\/carloswagner.jor.br\/blog\/wp-content\/uploads\/2023\/10\/guerraisraelhamas4000.jpeg?resize=350%2C200&ssl=1","width":350,"height":200},"classes":[]},{"id":7326,"url":"https:\/\/carloswagner.jor.br\/blog\/2023\/11\/14\/perguntas-sem-respostas-para-entender-a-guerra-israel-versus-hamas\/","url_meta":{"origin":2737,"position":3},"title":"Perguntas sem respostas para entender a guerra Israel versus Hamas","author":"Carlos Wagner","date":"14 de novembro de 2023","format":false,"excerpt":"Cada guerra no Oriente M\u00e9dio \u00e9 semente da pr\u00f3xima, como acabar com\u00a0esta\u00a0l\u00f3gica? Foto: EBC Ainda n\u00e3o foi respondida a pergunta fundamental para a comunidade internacional entender a guerra entre Israel e o Hamas, movimento fundamentalista palestino que governa o territ\u00f3rio da Faixa de Gaza. Como 1,5 mil terroristas do Hamas\u2026","rel":"","context":"Em &quot;Geral&quot;","block_context":{"text":"Geral","link":"https:\/\/carloswagner.jor.br\/blog\/category\/geral\/"},"img":{"alt_text":"","src":"https:\/\/i0.wp.com\/carloswagner.jor.br\/blog\/wp-content\/uploads\/2023\/11\/conflitoorientemedio5000.jpeg?resize=350%2C200&ssl=1","width":350,"height":200},"classes":[]},{"id":7426,"url":"https:\/\/carloswagner.jor.br\/blog\/2023\/12\/08\/pistas-para-entender-as-perguntas-sem-repostas-da-guerra-israel-versus-hamas\/","url_meta":{"origin":2737,"position":4},"title":"Pistas para entender as perguntas sem repostas da guerra Israel versus Hamas","author":"Carlos Wagner","date":"8 de dezembro de 2023","format":false,"excerpt":"Caminho \u00e9 longo para descobrir como o pa\u00eds mais protegido do mundo foi invadido por 1,5\u00a0mil\u00a0terroristas Foto: Reprodu\u00e7\u00e3o Foi descoberto um elo de uma hist\u00f3ria que pode ajudar a comunidade internacional a entender como, em um s\u00e1bado (7\/10), 1,5 mil combatentes do Hamas, sem serem detectados, invadiram Israel, pa\u00eds protegido\u2026","rel":"","context":"Em &quot;Geral&quot;","block_context":{"text":"Geral","link":"https:\/\/carloswagner.jor.br\/blog\/category\/geral\/"},"img":{"alt_text":"","src":"https:\/\/i0.wp.com\/carloswagner.jor.br\/blog\/wp-content\/uploads\/2023\/12\/guerragaza5000.jpg?resize=350%2C200&ssl=1","width":350,"height":200},"classes":[]},{"id":11511,"url":"https:\/\/carloswagner.jor.br\/blog\/2025\/10\/14\/paz-em-gaza-cria-a-chance-da-imprensa-contar-os-bastidores-desta-guerra\/","url_meta":{"origin":2737,"position":5},"title":"Paz em Gaza cria a chance da imprensa contar os bastidores desta guerra","author":"Carlos Wagner","date":"14 de outubro de 2025","format":false,"excerpt":"Trump avisou Netanyahu que o conflito com o Hamas acabou Foto: EBC Dando um passo de cada vez, como manda a cautela em assuntos espinhentos. O plano de paz do presidente dos Estados Unidos, Donald Trump (republicano), 79 anos, para acabar com a guerra entre Israel e o Hamas na\u2026","rel":"","context":"Em &quot;Geral&quot;","block_context":{"text":"Geral","link":"https:\/\/carloswagner.jor.br\/blog\/category\/geral\/"},"img":{"alt_text":"","src":"https:\/\/i0.wp.com\/carloswagner.jor.br\/blog\/wp-content\/uploads\/2025\/10\/image-3.png?resize=350%2C200&ssl=1","width":350,"height":200,"srcset":"https:\/\/i0.wp.com\/carloswagner.jor.br\/blog\/wp-content\/uploads\/2025\/10\/image-3.png?resize=350%2C200&ssl=1 1x, https:\/\/i0.wp.com\/carloswagner.jor.br\/blog\/wp-content\/uploads\/2025\/10\/image-3.png?resize=525%2C300&ssl=1 1.5x, https:\/\/i0.wp.com\/carloswagner.jor.br\/blog\/wp-content\/uploads\/2025\/10\/image-3.png?resize=700%2C400&ssl=1 2x, https:\/\/i0.wp.com\/carloswagner.jor.br\/blog\/wp-content\/uploads\/2025\/10\/image-3.png?resize=1050%2C600&ssl=1 3x"},"classes":[]}],"jetpack_likes_enabled":true,"_links":{"self":[{"href":"https:\/\/carloswagner.jor.br\/blog\/wp-json\/wp\/v2\/posts\/2737","targetHints":{"allow":["GET"]}}],"collection":[{"href":"https:\/\/carloswagner.jor.br\/blog\/wp-json\/wp\/v2\/posts"}],"about":[{"href":"https:\/\/carloswagner.jor.br\/blog\/wp-json\/wp\/v2\/types\/post"}],"author":[{"embeddable":true,"href":"https:\/\/carloswagner.jor.br\/blog\/wp-json\/wp\/v2\/users\/1"}],"replies":[{"embeddable":true,"href":"https:\/\/carloswagner.jor.br\/blog\/wp-json\/wp\/v2\/comments?post=2737"}],"version-history":[{"count":3,"href":"https:\/\/carloswagner.jor.br\/blog\/wp-json\/wp\/v2\/posts\/2737\/revisions"}],"predecessor-version":[{"id":2746,"href":"https:\/\/carloswagner.jor.br\/blog\/wp-json\/wp\/v2\/posts\/2737\/revisions\/2746"}],"wp:attachment":[{"href":"https:\/\/carloswagner.jor.br\/blog\/wp-json\/wp\/v2\/media?parent=2737"}],"wp:term":[{"taxonomy":"category","embeddable":true,"href":"https:\/\/carloswagner.jor.br\/blog\/wp-json\/wp\/v2\/categories?post=2737"},{"taxonomy":"post_tag","embeddable":true,"href":"https:\/\/carloswagner.jor.br\/blog\/wp-json\/wp\/v2\/tags?post=2737"}],"curies":[{"name":"wp","href":"https:\/\/api.w.org\/{rel}","templated":true}]}}